{"id":2378,"date":"2024-07-23T22:26:00","date_gmt":"2024-07-23T22:26:00","guid":{"rendered":"https:\/\/vanillafair.com\/european-regulation-on-vanilla-challenges-and-opportunities-for-american-exporters\/"},"modified":"2026-04-22T08:46:44","modified_gmt":"2026-04-22T08:46:44","slug":"reglementation-europeenne-vanille-defis-opportunites-exportateurs-americains","status":"publish","type":"post","link":"https:\/\/vanillafair.com\/fr\/reglementation-europeenne-vanille-defis-opportunites-exportateurs-americains\/","title":{"rendered":"R\u00e9glementation europ\u00e9enne sur la vanille : D\u00e9fis et opportunit\u00e9s pour les exportateurs am\u00e9ricains"},"content":{"rendered":"<p>La vanille, joyau de la gastronomie mondiale, fait face \u00e0 un nouveau d\u00e9fi r\u00e9glementaire sur le march\u00e9 europ\u00e9en. Les r\u00e9cents changements des normes de l&rsquo;Union europ\u00e9enne concernant les r\u00e9sidus d&rsquo;oxyde d&rsquo;\u00e9thyl\u00e8ne dans les denr\u00e9es alimentaires ont des implications significatives pour les exportations d&rsquo;extraits de vanille en provenance des \u00c9tats-Unis. Comprendre ces changements, leur impact sur le march\u00e9 et les strat\u00e9gies adopt\u00e9es par l&rsquo;industrie devient essentiel pour les parties prenantes des secteurs de la vanille, des \u00e9pices et des ingr\u00e9dients.<\/p>\n<h2 style=\"font-weight: 400; font-size: 26px; color: #aa3c2e; margin-bottom: 20px;\">Introduction<\/h2>\n<p>L&rsquo;industrie de la vanille fait face \u00e0 de nouveaux d\u00e9fis r\u00e9glementaires suite \u00e0 l&rsquo;\u00e9volution des normes de l&rsquo;Union europ\u00e9enne. Cette \u00e9pice, pris\u00e9e par les chefs renomm\u00e9s et les amateurs de gastronomie, est au c\u0153ur de r\u00e9glementations plus strictes visant \u00e0 limiter l&rsquo;exposition des consommateurs \u00e0 l&rsquo;oxyde d&rsquo;\u00e9thyl\u00e8ne, une substance potentiellement nocive.<\/p>\n<p>Cette \u00e9volution des normes, conform\u00e9ment au R\u00e8glement (CE) No 396\/2005, impacte consid\u00e9rablement <a href=\"https:\/\/vanillafair.com\/fr\/gousses-de-vanille-en-gros-pour-professionnels\/\">les exportations d&rsquo;extraits de vanille<\/a> en provenance des \u00c9tats-Unis vers le march\u00e9 europ\u00e9en. Dans cet article, nous examinerons en d\u00e9tail les nouveaux d\u00e9fis r\u00e9glementaires auxquels font face les exportateurs am\u00e9ricains et les implications de ces changements pour l&rsquo;industrie de la vanille dans son ensemble.<\/p>\n<p><img height=\"600\" width=\"1280\" decoding=\"async\" style=\"width: 100%; margin-bottom: 20px;\" src=\"https:\/\/vanillafair.com\/wp-content\/uploads\/2024\/07\/VF_A07_EU-Regulation_02_VanillaExtract-1.jpg\" alt=\"Extrait de vanille\" \/><\/p>\n<h2 style=\"font-weight: 400; font-size: 26px; color: #aa3c2e; margin-bottom: 20px;\">Nouveaux d\u00e9fis r\u00e9glementaires<\/h2>\n<p>L&rsquo;\u00e9volution des normes r\u00e9glementaires de l&rsquo;Union europ\u00e9enne a introduit des d\u00e9fis significatifs pour l&rsquo;industrie de la vanille. En particulier, le R\u00e8glement d&rsquo;ex\u00e9cution (UE) 2023\/174 a apport\u00e9 des changements substantiels aux conditions d&rsquo;entr\u00e9e des extraits de vanille sur le march\u00e9 europ\u00e9en.<\/p>\n<h6>R\u00e8glement d&rsquo;ex\u00e9cution (UE) 2023\/174<\/h6>\n<p>Le R\u00e8glement d&rsquo;ex\u00e9cution (UE) 2023\/174, adopt\u00e9 le 26 janvier 2023, a marqu\u00e9 une \u00e9tape importante dans la <a href=\"https:\/\/vanillafair.com\/fr\/natural-vanilla-and-global-pesticide-regulations-navigating-mrls-in-the-eu-and-usa\/\">r\u00e9glementation des extraits de vanille<\/a> aux fronti\u00e8res de l&rsquo;UE. Ce texte a ajout\u00e9 l&rsquo;extrait de vanille \u00e0 la liste des produits soumis \u00e0 des conditions particuli\u00e8res pour entrer dans l&rsquo;UE, exigeant d\u00e9sormais un certificat officiel attestant de la conformit\u00e9 aux seuils r\u00e9glementaires pour les r\u00e9sidus d&rsquo;oxyde d&rsquo;\u00e9thyl\u00e8ne pour chaque exp\u00e9dition en provenance des \u00c9tats-Unis.<\/p>\n<p>Cette nouvelle exigence a mis en \u00e9vidence un d\u00e9fi majeur pour les exportateurs am\u00e9ricains, qui doivent d\u00e9sormais garantir la conformit\u00e9 de leurs produits avec les normes europ\u00e9ennes en mati\u00e8re de r\u00e9sidus d&rsquo;oxyde d&rsquo;\u00e9thyl\u00e8ne.<\/p>\n<p><img height=\"628\" width=\"1200\" decoding=\"async\" style=\"width: 100%; margin-bottom: 20px;\" src=\"https:\/\/vanillafair.com\/wp-content\/uploads\/2024\/07\/VF_A07_EU-Regulation_01_DocumentImage.webp\" alt=\"Document sur la r\u00e9glementation europ\u00e9enne\" \/><\/p>\n<h6>Impact sur les exportateurs am\u00e9ricains<\/h6>\n<p>L&rsquo;ajout de l&rsquo;extrait de vanille \u00e0 la liste des produits soumis \u00e0 des conditions particuli\u00e8res pour entrer dans l&rsquo;UE a imm\u00e9diatement impact\u00e9 les exportateurs am\u00e9ricains. En l&rsquo;absence de processus standardis\u00e9 aux \u00c9tats-Unis pour fournir le certificat officiel exig\u00e9 par l&rsquo;UE, les exportateurs se trouvent dans une situation d\u00e9licate.<\/p>\n<p>Cette nouvelle exigence a conduit le Foreign Agricultural Service du D\u00e9partement de l&rsquo;Agriculture des \u00c9tats-Unis (USDA) \u00e0 recommander une suspension temporaire des exportations d&rsquo;extrait de vanille vers l&rsquo;Union europ\u00e9enne, en attendant la mise en place de mesures conformes aux nouvelles r\u00e9glementations europ\u00e9ennes.<\/p>\n<h2 style=\"font-weight: 400; font-size: 26px; color: #aa3c2e; margin-bottom: 20px;\">Pr\u00e9occupations sanitaires et contexte r\u00e9glementaire<\/h2>\n<h6>Origines du renforcement r\u00e9glementaire<\/h6>\n<p>La d\u00e9cision de renforcer les normes r\u00e9glementaires de l&rsquo;Union europ\u00e9enne concernant les r\u00e9sidus d&rsquo;oxyde d&rsquo;\u00e9thyl\u00e8ne d\u00e9coule de pr\u00e9occupations l\u00e9gitimes en mati\u00e8re de s\u00e9curit\u00e9 alimentaire et de sant\u00e9 publique.<\/p>\n<p>Les notifications dans le Syst\u00e8me d&rsquo;alerte rapide de l&rsquo;Union europ\u00e9enne pour les denr\u00e9es alimentaires et les aliments pour animaux (RASFF) ont mis en \u00e9vidence des risques associ\u00e9s \u00e0 l&rsquo;oxyde d&rsquo;\u00e9thyl\u00e8ne dans certains lots d&rsquo;extrait de vanille en provenance des \u00c9tats-Unis. Face \u00e0 ces constatations, l&rsquo;Union europ\u00e9enne a pris des mesures d\u00e9cisives pour prot\u00e9ger la sant\u00e9 des consommateurs en limitant leur exposition \u00e0 cette substance potentiellement nocive.<\/p>\n<p><img height=\"600\" width=\"1280\" decoding=\"async\" style=\"width: 100%; margin-bottom: 20px;\" src=\"https:\/\/vanillafair.com\/wp-content\/uploads\/2024\/07\/VF_A07_EU-Regulation_03_VanillaExtract-1.jpg\" alt=\"Extrait de vanille\" \/><\/p>\n<h6>Rejet des certificats tiers<\/h6>\n<p>Une autre cons\u00e9quence importante de cette \u00e9volution r\u00e9glementaire est le rejet par l&rsquo;Union europ\u00e9enne des certificats tiers. En particulier, cela signifie que m\u00eame les certificats \u00e9mis par des installations dans l&rsquo;Union europ\u00e9enne ne seront pas accept\u00e9s comme preuve de conformit\u00e9 aux normes europ\u00e9ennes actuelles.<\/p>\n<p>Seules les certifications officielles d\u00e9livr\u00e9es par les autorit\u00e9s comp\u00e9tentes des pays exportateurs seront reconnues comme valides. Cette mesure vise \u00e0 garantir une application uniforme et rigoureuse des r\u00e9glementations europ\u00e9ennes en mati\u00e8re de s\u00e9curit\u00e9 alimentaire.<\/p>\n<h2 style=\"font-weight: 400; font-size: 26px; color: #aa3c2e; margin-bottom: 20px;\">Perspective des exportateurs internationaux<\/h2>\n<h6>Adaptation aux nouvelles exigences<\/h6>\n<p>Alors que les exportateurs am\u00e9ricains sont directement affect\u00e9s par les nouveaux d\u00e9fis r\u00e9glementaires impos\u00e9s par l&rsquo;Union europ\u00e9enne, il est \u00e9galement essentiel de consid\u00e9rer la perspective des exportateurs d&rsquo;autres pays.<\/p>\n<p>Qu&rsquo;ils soient situ\u00e9s en Am\u00e9rique Latine, en Afrique, en Asie ou dans d&rsquo;autres r\u00e9gions productrices de vanille, ces acteurs sont confront\u00e9s \u00e0 des d\u00e9fis similaires en mati\u00e8re de conformit\u00e9 aux normes europ\u00e9ennes et de maintien de leur acc\u00e8s au march\u00e9 europ\u00e9en.<\/p>\n<p>Le R\u00e8glement d&rsquo;ex\u00e9cution (UE) 2023\/174 repr\u00e9sente \u00e9galement un d\u00e9fi important pour ces exportateurs internationaux. Ils doivent s&rsquo;adapter aux nouvelles exigences de certification et de conformit\u00e9 r\u00e9glementaire pour garantir la continuit\u00e9 de leurs exportations vers l&rsquo;Union europ\u00e9enne.<\/p>\n<p>De plus, ces acteurs doivent mettre en place des processus et des infrastructures conformes aux normes europ\u00e9ennes, ce qui peut repr\u00e9senter un investissement financier et logistique significatif.<\/p>\n<h6>Concurrence et opportunit\u00e9s<\/h6>\n<p>En outre, la concurrence accrue sur le march\u00e9 europ\u00e9en, r\u00e9sultant de la suspension des exportations am\u00e9ricaines, peut avoir des r\u00e9percussions sur les exportateurs internationaux, les incitant \u00e0 redoubler d&rsquo;efforts pour maintenir leur position concurrentielle.<\/p>\n<p>Cependant, cette situation peut \u00e9galement offrir des opportunit\u00e9s aux exportateurs internationaux pour renforcer leur pr\u00e9sence sur le march\u00e9 europ\u00e9en et diversifier leurs sources de revenus.<\/p>\n<p>Globalement, la perspective des exportateurs internationaux met en lumi\u00e8re l&rsquo;impact \u00e9tendu de la nouvelle r\u00e9glementation de l&rsquo;Union europ\u00e9enne sur l&rsquo;industrie de la vanille \u00e0 l&rsquo;\u00e9chelle mondiale tout en soulignant les d\u00e9fis et les opportunit\u00e9s auxquels ces acteurs sont confront\u00e9s dans ce contexte en constante \u00e9volution.<\/p>\n<h2 style=\"font-weight: 400; font-size: 26px; color: #aa3c2e; margin-bottom: 20px; margin-top: 20px;\">Engagement envers la durabilit\u00e9 : un regard sur l&rsquo;avenir de la vanille<\/h2>\n<h6>L&rsquo;importance de l&rsquo;engagement envers les cha\u00eenes d&rsquo;approvisionnement durables<\/h6>\n<p>Dans un march\u00e9 en constante \u00e9volution, l&rsquo;engagement envers les cha\u00eenes d&rsquo;approvisionnement durables est plus crucial que jamais. Vanilla Fair reconna\u00eet l&rsquo;importance de cette approche, non seulement <a href=\"https:\/\/vanillafair.com\/fr\/vanille-epuisee-pour-les-professionnels\/\">pour pr\u00e9server l&rsquo;environnement et les communaut\u00e9s locales<\/a>, mais aussi pour garantir la durabilit\u00e9 de notre industrie. Investir dans des pratiques agricoles respectueuses de l&rsquo;\u00e9cosyst\u00e8me et promouvoir des conditions de travail \u00e9quitables cr\u00e9e un avenir plus prometteur pour les g\u00e9n\u00e9rations futures.<\/p>\n<h6>Qualit\u00e9 des produits et tra\u00e7abilit\u00e9<\/h6>\n<p>La qualit\u00e9 et la tra\u00e7abilit\u00e9 sont au c\u0153ur de l&rsquo;engagement de Vanilla Fair. Nous nous effor\u00e7ons de <a href=\"https:\/\/vanillafair.com\/fr\/assurance-qualite-gousses-vanille-premium\/\">garantir \u00e0 nos clients des produits d&rsquo;une qualit\u00e9<\/a> irr\u00e9prochable, depuis la culture des pr\u00e9cieuses gousses de vanille jusqu&rsquo;\u00e0 l&rsquo;extraction de leurs fragrances uniques.<\/p>\n<p>Chaque \u00e9tape de notre processus de production est minutieusement surveill\u00e9e et document\u00e9e, assurant la tra\u00e7abilit\u00e9 totale de nos produits. Cette approche rigoureuse nous permet de maintenir les normes les plus strictes en mati\u00e8re de s\u00e9curit\u00e9 alimentaire et de satisfaction client.<\/p>\n<h6>Optimisme pour l&rsquo;avenir et perspectives<\/h6>\n<p>Malgr\u00e9 les d\u00e9fis r\u00e9glementaires actuels, nous restons optimistes quant \u00e0 l&rsquo;avenir de l&rsquo;industrie de la vanille. Nous croyons fermement en la capacit\u00e9 des parties prenantes de l&rsquo;industrie \u00e0 s&rsquo;adapter et \u00e0 innover pour surmonter les obstacles.<\/p>\n<p>En travaillant en \u00e9troite collaboration avec nos partenaires et en \u00e9coutant les besoins de nos clients, nous sommes convaincus que nous pouvons continuer<\/p>\n<p>\u00e0 offrir des produits exceptionnels tout en contribuant au d\u00e9veloppement durable de notre secteur.<\/p>\n<div class=\"how-store-dies\"><img height=\"242\" width=\"516\" decoding=\"async\" src=\"https:\/\/vanillafair.com\/wp-content\/uploads\/2024\/07\/VF-Vanilla-Flowers.jpg\" alt=\"Besoin d&#039;un devis ? Contactez-nous directement en ligne\"><div class=\"how-store\"><h2>Besoin d&#039;un devis ? Contactez-nous directement en ligne<\/h2><p>Vous souhaitez en savoir plus sur notre vanille, nos tarifs et les d\u00e9tails de la livraison ? Contactez-nous et demandez un devis.<\/p><div class=\"btn\"><a href=\"https:\/\/vanillafair.com\/fr\/contactez-nous\/\">Demandez un devis <img decoding=\"async\" src=\"https:\/\/vanillafair.com\/wp-content\/themes\/vanillafair-themes\/assets\/img\/arrow-green-single.svg\" alt=\"arrow\"><\/a><\/div><\/div><\/div>\n<h2 style=\"font-weight: 400; font-size: 26px; color: #aa3c2e; margin-bottom: 20px; margin-top: 20px;\">R\u00e9flexions finales sur la suspension des exportations d&rsquo;extrait de vanille vers l&rsquo;Union europ\u00e9enne<\/h2>\n<p>La suspension des exportations d&rsquo;extrait de vanille des \u00c9tats-Unis vers l&rsquo;Union europ\u00e9enne soul\u00e8ve des questions essentiel<a href=\"https:\/\/vanillafair.com\/fr\/natural-vanilla-and-global-pesticide-regulations-navigating-mrls-in-the-eu-and-usa\/\">les concernant la s\u00e9curit\u00e9 alimentaire, les r\u00e9glementations<\/a> commerciales et la coop\u00e9ration internationale.<\/p>\n<p>Cette mesure, motiv\u00e9e par des pr\u00e9occupations sanitaires li\u00e9es \u00e0 l&rsquo;oxyde d&rsquo;\u00e9thyl\u00e8ne, souligne la n\u00e9cessit\u00e9 de normes rigoureuses en mati\u00e8re de qualit\u00e9 et de contr\u00f4le tout au long de la cha\u00eene d&rsquo;approvisionnement alimentaire.<\/p>\n<p>Elle met \u00e9galement en \u00e9vidence l&rsquo;importance d&rsquo;une communication transparente entre <a href=\"https:\/\/vanillafair.com\/fr\/vanille-epuisee-pour-les-professionnels\/\">les organismes de r\u00e9glementation nationaux et internationaux pour<\/a> assurer la protection des consommateurs tout en facilitant le commerce mondial.<\/p>\n<p>En fin de compte, cette suspension offre l&rsquo;opportunit\u00e9 de r\u00e9\u00e9valuer les pratiques industrielles et r\u00e9glementaires, dans le but de garantir la s\u00e9curit\u00e9 et la qualit\u00e9 <a href=\"https:\/\/vanillafair.com\/fr\/in-madagascar-vanilla-planters-struggle-to-find-buyers\/\">des produits alimentaires pour tous les<\/a> consommateurs \u00e0 travers le monde.<\/p>\n<h5 style=\"color: #000000;\">Sources :<\/h5>\n<p><strong>Union Europ\u00e9enne : Suspension de facto des exportations d&rsquo;extrait de vanille vers l&rsquo;UE<\/strong><\/p>\n<ul>\n<li><b>Source :<\/b> <a style=\"color: #aa3c2e;\" href=\"https:\/\/apps.fas.usda.gov\/newgainapi\/api\/Report\/DownloadReportByFileName?fileName=De%20Facto%20Suspension%20of%20Vanilla%20Extract%20Exports%20to%20the%20EU_Brussels%20USEU_European%20Union_E42023-0030.pdf\"> Services agricoles \u00e9trangers (D\u00e9partement de l&rsquo;Agriculture des \u00c9tats-Unis) \/ Rapport Attach\u00e9 (GAIN) \u2013 E42023-0030<\/a><\/li>\n<li><b>Date :<\/b> 9 ao\u00fbt 2023<\/li>\n<\/ul>\n<p><strong>Rapport : Suspension de facto des exportations d&rsquo;extrait de vanille vers l&rsquo;UE<\/strong><\/p>\n<ul>\n<li><b>Source :<\/b> <a style=\"color: #aa3c2e;\" href=\"https:\/\/www.perfumerflavorist.com\/news\/flavor\/news\/22870134\/report-de-facto-suspension-of-vanilla-extract-exports-to-the-eu\"> Perfumer &amp; Flavorist<\/a><\/li>\n<li><b>Date :<\/b> 14 ao\u00fbt 2023<\/li>\n<\/ul>\n<p><strong>Suspension de facto des exportations d&rsquo;extrait de vanille vers l&rsquo;UE \/ R\u00e9seau mondial d&rsquo;information agricole<\/strong><\/p>\n<ul>\n<li><b>Source :<\/b> <a style=\"color: #aa3c2e;\" href=\"https:\/\/www.fas.usda.gov\/data\/european-union-de-facto-suspension-vanilla-extract-exports-eu\"> D\u00e9partement de l&rsquo;Agriculture des \u00c9tats-Unis<\/a><\/li>\n<li><b>Date :<\/b> 9 ao\u00fbt 2023<\/li>\n<\/ul>\n<p><strong>UE assouplit les r\u00e8gles sur les melons mais renforce les contr\u00f4les sur les extraits de vanille en provenance des \u00c9tats-Unis<\/strong><\/p>\n<ul>\n<li><b>Source :<\/b> <a style=\"color: #aa3c2e;\" href=\"#\"> Food Safety News<\/a><\/li>\n<li><b>Date :<\/b> 1er f\u00e9vrier 2023<\/li>\n<\/ul>\n<p><strong>En savoir plus<\/strong><\/p>\n<ul>\n<li><a style=\"color: #aa3c2e;\" href=\"https:\/\/fas.usda.gov\/data\/european-union-de-facto-suspension-vanilla-extract-exports-eu\"> FAS USDA<\/a><\/li>\n<li><a style=\"color: #aa3c2e;\" href=\"#\"> Food Safety News<\/a><\/li>\n<li><a style=\"color: #aa3c2e;\" href=\"https:\/\/www.perfumerflavorist.com\/news\/flavor\/news\/22870134\/report-de-facto-suspension-of-vanilla-extract-exports-to-the-eu\"> Perfumer &amp; Flavorist<\/a><\/li>\n<\/ul>\n","protected":false},"excerpt":{"rendered":"<p>D\u00e9couvrez les effets de l\u2019\u00e9volution des r\u00e9glementations de l&rsquo;UE sur les exportations de vanille en provenance des \u00c9tats-Unis. Informez-vous sur les d\u00e9fis r\u00e9glementaires, les exigences de conformit\u00e9 et les perspectives futures pour les exportateurs am\u00e9ricains.<\/p>\n","protected":false},"author":3,"featured_media":2281,"comment_status":"closed","ping_status":"closed","sticky":false,"template":"","format":"standard","meta":{"_acf_changed":false,"footnotes":""},"categories":[52],"tags":[],"class_list":["post-2378","post","type-post","status-publish","format-standard","has-post-thumbnail","hentry","category-actualites-industrielles"],"acf":[],"aioseo_notices":[],"aioseo_head":"\n\t\t<!-- All in One SEO Pro 4.9.6.2 - aioseo.com -->\n\t<meta name=\"description\" content=\"D\u00e9couvrez les effets de l\u2019\u00e9volution des r\u00e9glementations de l&#039;UE sur les exportations de vanille en provenance des \u00c9tats-Unis. Informez-vous sur les d\u00e9fis r\u00e9glementaires, les exigences de conformit\u00e9 et les perspectives futures pour les exportateurs am\u00e9ricains.\" \/>\n\t<meta name=\"robots\" content=\"max-snippet:-1, max-image-preview:large, max-video-preview:-1\" \/>\n\t<meta name=\"author\" content=\"J\u00f6el Mamihery\"\/>\n\t<meta name=\"google-site-verification\" content=\"v2xa5-fUu2oVBpRW3zu3eoK3R5xvbC4Q9p2I5CI9WEI\" \/>\n\t<link rel=\"canonical\" href=\"https:\/\/vanillafair.com\/fr\/reglementation-europeenne-vanille-defis-opportunites-exportateurs-americains\/\" \/>\n\t<meta name=\"generator\" content=\"All in One SEO Pro (AIOSEO) 4.9.6.2\" \/>\n\t\t<meta property=\"og:locale\" content=\"fr_FR\" \/>\n\t\t<meta property=\"og:site_name\" content=\"Vanilla fair | Empowering Communities, One Vanilla Bean at a Time\" \/>\n\t\t<meta property=\"og:type\" content=\"article\" \/>\n\t\t<meta property=\"og:title\" content=\"R\u00e9glementation europ\u00e9enne sur la vanille : D\u00e9fis et opportunit\u00e9s pour les exportateurs am\u00e9ricains | Vanilla fair\" \/>\n\t\t<meta property=\"og:description\" content=\"D\u00e9couvrez les effets de l\u2019\u00e9volution des r\u00e9glementations de l&#039;UE sur les exportations de vanille en provenance des \u00c9tats-Unis. Informez-vous sur les d\u00e9fis r\u00e9glementaires, les exigences de conformit\u00e9 et les perspectives futures pour les exportateurs am\u00e9ricains.\" \/>\n\t\t<meta property=\"og:url\" content=\"https:\/\/vanillafair.com\/fr\/reglementation-europeenne-vanille-defis-opportunites-exportateurs-americains\/\" \/>\n\t\t<meta property=\"og:image\" content=\"https:\/\/vanillafair.com\/wp-content\/uploads\/2024\/08\/Black-Vanilla-for-Professionals-2.jpg\" \/>\n\t\t<meta property=\"og:image:secure_url\" content=\"https:\/\/vanillafair.com\/wp-content\/uploads\/2024\/08\/Black-Vanilla-for-Professionals-2.jpg\" \/>\n\t\t<meta property=\"og:image:width\" content=\"1280\" \/>\n\t\t<meta property=\"og:image:height\" content=\"600\" \/>\n\t\t<meta property=\"article:published_time\" content=\"2024-07-23T22:26:00+00:00\" \/>\n\t\t<meta property=\"article:modified_time\" content=\"2026-04-22T08:46:44+00:00\" \/>\n\t\t<meta property=\"article:publisher\" content=\"https:\/\/www.facebook.com\/profile.php?id=61550121462223\" \/>\n\t\t<meta name=\"twitter:card\" content=\"summary_large_image\" \/>\n\t\t<meta name=\"twitter:title\" content=\"R\u00e9glementation europ\u00e9enne sur la vanille : D\u00e9fis et opportunit\u00e9s pour les exportateurs am\u00e9ricains | Vanilla fair\" \/>\n\t\t<meta name=\"twitter:description\" content=\"D\u00e9couvrez les effets de l\u2019\u00e9volution des r\u00e9glementations de l&#039;UE sur les exportations de vanille en provenance des \u00c9tats-Unis. Informez-vous sur les d\u00e9fis r\u00e9glementaires, les exigences de conformit\u00e9 et les perspectives futures pour les exportateurs am\u00e9ricains.\" \/>\n\t\t<meta name=\"twitter:image\" content=\"https:\/\/vanillafair.cssrender.com\/wp-content\/uploads\/2024\/06\/logo.svg\" \/>\n\t\t<script type=\"application\/ld+json\" class=\"aioseo-schema\">\n\t\t\t{\"@context\":\"https:\\\/\\\/schema.org\",\"@graph\":[{\"@type\":\"BlogPosting\",\"@id\":\"https:\\\/\\\/vanillafair.com\\\/fr\\\/reglementation-europeenne-vanille-defis-opportunites-exportateurs-americains\\\/#blogposting\",\"name\":\"R\\u00e9glementation europ\\u00e9enne sur la vanille : D\\u00e9fis et opportunit\\u00e9s pour les exportateurs am\\u00e9ricains | Vanilla fair\",\"headline\":\"R\\u00e9glementation europ\\u00e9enne sur la vanille : D\\u00e9fis et opportunit\\u00e9s pour les exportateurs am\\u00e9ricains\",\"author\":{\"@id\":\"https:\\\/\\\/vanillafair.com\\\/fr\\\/author\\\/djimo\\\/#author\"},\"publisher\":{\"@id\":\"https:\\\/\\\/vanillafair.com\\\/fr\\\/#organization\"},\"image\":{\"@type\":\"ImageObject\",\"url\":\"https:\\\/\\\/vanillafair.com\\\/wp-content\\\/uploads\\\/2024\\\/07\\\/VF_A07_EuropeanRegulation_FeatImage.jpg\",\"width\":1280,\"height\":600},\"datePublished\":\"2024-07-23T22:26:00+00:00\",\"dateModified\":\"2026-04-22T08:46:44+00:00\",\"inLanguage\":\"fr-FR\",\"mainEntityOfPage\":{\"@id\":\"https:\\\/\\\/vanillafair.com\\\/fr\\\/reglementation-europeenne-vanille-defis-opportunites-exportateurs-americains\\\/#webpage\"},\"isPartOf\":{\"@id\":\"https:\\\/\\\/vanillafair.com\\\/fr\\\/reglementation-europeenne-vanille-defis-opportunites-exportateurs-americains\\\/#webpage\"},\"articleSection\":\"Actualit\\u00e9s Industrielles, Facultatif, Facultatif\"},{\"@type\":\"BreadcrumbList\",\"@id\":\"https:\\\/\\\/vanillafair.com\\\/fr\\\/reglementation-europeenne-vanille-defis-opportunites-exportateurs-americains\\\/#breadcrumblist\",\"itemListElement\":[{\"@type\":\"ListItem\",\"@id\":\"https:\\\/\\\/vanillafair.com\\\/fr\\\/#listItem\",\"position\":1,\"name\":\"Home\",\"item\":\"https:\\\/\\\/vanillafair.com\\\/fr\\\/\",\"nextItem\":{\"@type\":\"ListItem\",\"@id\":\"https:\\\/\\\/vanillafair.com\\\/fr\\\/category\\\/actualites-industrielles\\\/#listItem\",\"name\":\"Actualit\\u00e9s Industrielles\"}},{\"@type\":\"ListItem\",\"@id\":\"https:\\\/\\\/vanillafair.com\\\/fr\\\/category\\\/actualites-industrielles\\\/#listItem\",\"position\":2,\"name\":\"Actualit\\u00e9s Industrielles\",\"item\":\"https:\\\/\\\/vanillafair.com\\\/fr\\\/category\\\/actualites-industrielles\\\/\",\"nextItem\":{\"@type\":\"ListItem\",\"@id\":\"https:\\\/\\\/vanillafair.com\\\/fr\\\/reglementation-europeenne-vanille-defis-opportunites-exportateurs-americains\\\/#listItem\",\"name\":\"R\\u00e9glementation europ\\u00e9enne sur la vanille : D\\u00e9fis et opportunit\\u00e9s pour les exportateurs am\\u00e9ricains\"},\"previousItem\":{\"@type\":\"ListItem\",\"@id\":\"https:\\\/\\\/vanillafair.com\\\/fr\\\/#listItem\",\"name\":\"Home\"}},{\"@type\":\"ListItem\",\"@id\":\"https:\\\/\\\/vanillafair.com\\\/fr\\\/reglementation-europeenne-vanille-defis-opportunites-exportateurs-americains\\\/#listItem\",\"position\":3,\"name\":\"R\\u00e9glementation europ\\u00e9enne sur la vanille : D\\u00e9fis et opportunit\\u00e9s pour les exportateurs am\\u00e9ricains\",\"previousItem\":{\"@type\":\"ListItem\",\"@id\":\"https:\\\/\\\/vanillafair.com\\\/fr\\\/category\\\/actualites-industrielles\\\/#listItem\",\"name\":\"Actualit\\u00e9s Industrielles\"}}]},{\"@type\":\"Organization\",\"@id\":\"https:\\\/\\\/vanillafair.com\\\/fr\\\/#organization\",\"name\":\"Vanilla fair\",\"description\":\"Empowering Communities, One Vanilla Bean at a Time\",\"url\":\"https:\\\/\\\/vanillafair.com\\\/fr\\\/\",\"email\":\"contact@vanillafair.com\",\"telephone\":\"+33955658293\",\"foundingDate\":\"2018-12-04\",\"numberOfEmployees\":{\"@type\":\"QuantitativeValue\",\"minValue\":10,\"maxValue\":50},\"logo\":{\"@type\":\"ImageObject\",\"url\":\"https:\\\/\\\/vanillafair.cssrender.com\\\/wp-content\\\/uploads\\\/2024\\\/06\\\/logo.svg\",\"@id\":\"https:\\\/\\\/vanillafair.com\\\/fr\\\/reglementation-europeenne-vanille-defis-opportunites-exportateurs-americains\\\/#organizationLogo\"},\"image\":{\"@id\":\"https:\\\/\\\/vanillafair.com\\\/fr\\\/reglementation-europeenne-vanille-defis-opportunites-exportateurs-americains\\\/#organizationLogo\"},\"sameAs\":[\"https:\\\/\\\/www.facebook.com\\\/profile.php?id=61550121462223\",\"https:\\\/\\\/www.instagram.com\\\/vanilla__fair?igsh=enJnNTZvaTdzMzg2&utm_source=qr\",\"https:\\\/\\\/www.youtube.com\\\/@vanillafair\",\"https:\\\/\\\/www.linkedin.com\\\/company\\\/vanillafair\\\/\"]},{\"@type\":\"Person\",\"@id\":\"https:\\\/\\\/vanillafair.com\\\/fr\\\/author\\\/djimo\\\/#author\",\"url\":\"https:\\\/\\\/vanillafair.com\\\/fr\\\/author\\\/djimo\\\/\",\"name\":\"J\\u00f6el Mamihery\",\"image\":{\"@type\":\"ImageObject\",\"url\":\"https:\\\/\\\/secure.gravatar.com\\\/avatar\\\/c91423b23d8d0225ad40e011b7d7b939fa7d6e29a30ddf1bb13398b95d2200ad?s=96&d=mm&r=g\"}},{\"@type\":\"WebPage\",\"@id\":\"https:\\\/\\\/vanillafair.com\\\/fr\\\/reglementation-europeenne-vanille-defis-opportunites-exportateurs-americains\\\/#webpage\",\"url\":\"https:\\\/\\\/vanillafair.com\\\/fr\\\/reglementation-europeenne-vanille-defis-opportunites-exportateurs-americains\\\/\",\"name\":\"R\\u00e9glementation europ\\u00e9enne sur la vanille : D\\u00e9fis et opportunit\\u00e9s pour les exportateurs am\\u00e9ricains | Vanilla fair\",\"description\":\"D\\u00e9couvrez les effets de l\\u2019\\u00e9volution des r\\u00e9glementations de l'UE sur les exportations de vanille en provenance des \\u00c9tats-Unis. Informez-vous sur les d\\u00e9fis r\\u00e9glementaires, les exigences de conformit\\u00e9 et les perspectives futures pour les exportateurs am\\u00e9ricains.\",\"inLanguage\":\"fr-FR\",\"isPartOf\":{\"@id\":\"https:\\\/\\\/vanillafair.com\\\/fr\\\/#website\"},\"breadcrumb\":{\"@id\":\"https:\\\/\\\/vanillafair.com\\\/fr\\\/reglementation-europeenne-vanille-defis-opportunites-exportateurs-americains\\\/#breadcrumblist\"},\"author\":{\"@id\":\"https:\\\/\\\/vanillafair.com\\\/fr\\\/author\\\/djimo\\\/#author\"},\"creator\":{\"@id\":\"https:\\\/\\\/vanillafair.com\\\/fr\\\/author\\\/djimo\\\/#author\"},\"image\":{\"@type\":\"ImageObject\",\"url\":\"https:\\\/\\\/vanillafair.com\\\/wp-content\\\/uploads\\\/2024\\\/07\\\/VF_A07_EuropeanRegulation_FeatImage.jpg\",\"@id\":\"https:\\\/\\\/vanillafair.com\\\/fr\\\/reglementation-europeenne-vanille-defis-opportunites-exportateurs-americains\\\/#mainImage\",\"width\":1280,\"height\":600},\"primaryImageOfPage\":{\"@id\":\"https:\\\/\\\/vanillafair.com\\\/fr\\\/reglementation-europeenne-vanille-defis-opportunites-exportateurs-americains\\\/#mainImage\"},\"datePublished\":\"2024-07-23T22:26:00+00:00\",\"dateModified\":\"2026-04-22T08:46:44+00:00\"},{\"@type\":\"WebSite\",\"@id\":\"https:\\\/\\\/vanillafair.com\\\/fr\\\/#website\",\"url\":\"https:\\\/\\\/vanillafair.com\\\/fr\\\/\",\"name\":\"Vanilla fair\",\"alternateName\":\"VFF\",\"description\":\"Empowering Communities, One Vanilla Bean at a Time\",\"inLanguage\":\"fr-FR\",\"publisher\":{\"@id\":\"https:\\\/\\\/vanillafair.com\\\/fr\\\/#organization\"}}]}\n\t\t<\/script>\n\t\t<!-- All in One SEO Pro -->\r\n\t\t<title>R\u00e9glementation europ\u00e9enne sur la vanille : D\u00e9fis et opportunit\u00e9s pour les exportateurs am\u00e9ricains | Vanilla fair<\/title>\n\n","aioseo_head_json":{"title":"R\u00e9glementation europ\u00e9enne sur la vanille : D\u00e9fis et opportunit\u00e9s pour les exportateurs am\u00e9ricains | Vanilla fair","description":"D\u00e9couvrez les effets de l\u2019\u00e9volution des r\u00e9glementations de l'UE sur les exportations de vanille en provenance des \u00c9tats-Unis. Informez-vous sur les d\u00e9fis r\u00e9glementaires, les exigences de conformit\u00e9 et les perspectives futures pour les exportateurs am\u00e9ricains.","canonical_url":"https:\/\/vanillafair.com\/fr\/reglementation-europeenne-vanille-defis-opportunites-exportateurs-americains\/","robots":"max-snippet:-1, max-image-preview:large, max-video-preview:-1","keywords":"","webmasterTools":{"google-site-verification":"v2xa5-fUu2oVBpRW3zu3eoK3R5xvbC4Q9p2I5CI9WEI","miscellaneous":""},"schema":{"@context":"https:\/\/schema.org","@graph":[{"@type":"BlogPosting","@id":"https:\/\/vanillafair.com\/fr\/reglementation-europeenne-vanille-defis-opportunites-exportateurs-americains\/#blogposting","name":"R\u00e9glementation europ\u00e9enne sur la vanille : D\u00e9fis et opportunit\u00e9s pour les exportateurs am\u00e9ricains | Vanilla fair","headline":"R\u00e9glementation europ\u00e9enne sur la vanille : D\u00e9fis et opportunit\u00e9s pour les exportateurs am\u00e9ricains","author":{"@id":"https:\/\/vanillafair.com\/fr\/author\/djimo\/#author"},"publisher":{"@id":"https:\/\/vanillafair.com\/fr\/#organization"},"image":{"@type":"ImageObject","url":"https:\/\/vanillafair.com\/wp-content\/uploads\/2024\/07\/VF_A07_EuropeanRegulation_FeatImage.jpg","width":1280,"height":600},"datePublished":"2024-07-23T22:26:00+00:00","dateModified":"2026-04-22T08:46:44+00:00","inLanguage":"fr-FR","mainEntityOfPage":{"@id":"https:\/\/vanillafair.com\/fr\/reglementation-europeenne-vanille-defis-opportunites-exportateurs-americains\/#webpage"},"isPartOf":{"@id":"https:\/\/vanillafair.com\/fr\/reglementation-europeenne-vanille-defis-opportunites-exportateurs-americains\/#webpage"},"articleSection":"Actualit\u00e9s Industrielles, Facultatif, Facultatif"},{"@type":"BreadcrumbList","@id":"https:\/\/vanillafair.com\/fr\/reglementation-europeenne-vanille-defis-opportunites-exportateurs-americains\/#breadcrumblist","itemListElement":[{"@type":"ListItem","@id":"https:\/\/vanillafair.com\/fr\/#listItem","position":1,"name":"Home","item":"https:\/\/vanillafair.com\/fr\/","nextItem":{"@type":"ListItem","@id":"https:\/\/vanillafair.com\/fr\/category\/actualites-industrielles\/#listItem","name":"Actualit\u00e9s Industrielles"}},{"@type":"ListItem","@id":"https:\/\/vanillafair.com\/fr\/category\/actualites-industrielles\/#listItem","position":2,"name":"Actualit\u00e9s Industrielles","item":"https:\/\/vanillafair.com\/fr\/category\/actualites-industrielles\/","nextItem":{"@type":"ListItem","@id":"https:\/\/vanillafair.com\/fr\/reglementation-europeenne-vanille-defis-opportunites-exportateurs-americains\/#listItem","name":"R\u00e9glementation europ\u00e9enne sur la vanille : D\u00e9fis et opportunit\u00e9s pour les exportateurs am\u00e9ricains"},"previousItem":{"@type":"ListItem","@id":"https:\/\/vanillafair.com\/fr\/#listItem","name":"Home"}},{"@type":"ListItem","@id":"https:\/\/vanillafair.com\/fr\/reglementation-europeenne-vanille-defis-opportunites-exportateurs-americains\/#listItem","position":3,"name":"R\u00e9glementation europ\u00e9enne sur la vanille : D\u00e9fis et opportunit\u00e9s pour les exportateurs am\u00e9ricains","previousItem":{"@type":"ListItem","@id":"https:\/\/vanillafair.com\/fr\/category\/actualites-industrielles\/#listItem","name":"Actualit\u00e9s Industrielles"}}]},{"@type":"Organization","@id":"https:\/\/vanillafair.com\/fr\/#organization","name":"Vanilla fair","description":"Empowering Communities, One Vanilla Bean at a Time","url":"https:\/\/vanillafair.com\/fr\/","email":"contact@vanillafair.com","telephone":"+33955658293","foundingDate":"2018-12-04","numberOfEmployees":{"@type":"QuantitativeValue","minValue":10,"maxValue":50},"logo":{"@type":"ImageObject","url":"https:\/\/vanillafair.cssrender.com\/wp-content\/uploads\/2024\/06\/logo.svg","@id":"https:\/\/vanillafair.com\/fr\/reglementation-europeenne-vanille-defis-opportunites-exportateurs-americains\/#organizationLogo"},"image":{"@id":"https:\/\/vanillafair.com\/fr\/reglementation-europeenne-vanille-defis-opportunites-exportateurs-americains\/#organizationLogo"},"sameAs":["https:\/\/www.facebook.com\/profile.php?id=61550121462223","https:\/\/www.instagram.com\/vanilla__fair?igsh=enJnNTZvaTdzMzg2&utm_source=qr","https:\/\/www.youtube.com\/@vanillafair","https:\/\/www.linkedin.com\/company\/vanillafair\/"]},{"@type":"Person","@id":"https:\/\/vanillafair.com\/fr\/author\/djimo\/#author","url":"https:\/\/vanillafair.com\/fr\/author\/djimo\/","name":"J\u00f6el Mamihery","image":{"@type":"ImageObject","url":"https:\/\/secure.gravatar.com\/avatar\/c91423b23d8d0225ad40e011b7d7b939fa7d6e29a30ddf1bb13398b95d2200ad?s=96&d=mm&r=g"}},{"@type":"WebPage","@id":"https:\/\/vanillafair.com\/fr\/reglementation-europeenne-vanille-defis-opportunites-exportateurs-americains\/#webpage","url":"https:\/\/vanillafair.com\/fr\/reglementation-europeenne-vanille-defis-opportunites-exportateurs-americains\/","name":"R\u00e9glementation europ\u00e9enne sur la vanille : D\u00e9fis et opportunit\u00e9s pour les exportateurs am\u00e9ricains | Vanilla fair","description":"D\u00e9couvrez les effets de l\u2019\u00e9volution des r\u00e9glementations de l'UE sur les exportations de vanille en provenance des \u00c9tats-Unis. Informez-vous sur les d\u00e9fis r\u00e9glementaires, les exigences de conformit\u00e9 et les perspectives futures pour les exportateurs am\u00e9ricains.","inLanguage":"fr-FR","isPartOf":{"@id":"https:\/\/vanillafair.com\/fr\/#website"},"breadcrumb":{"@id":"https:\/\/vanillafair.com\/fr\/reglementation-europeenne-vanille-defis-opportunites-exportateurs-americains\/#breadcrumblist"},"author":{"@id":"https:\/\/vanillafair.com\/fr\/author\/djimo\/#author"},"creator":{"@id":"https:\/\/vanillafair.com\/fr\/author\/djimo\/#author"},"image":{"@type":"ImageObject","url":"https:\/\/vanillafair.com\/wp-content\/uploads\/2024\/07\/VF_A07_EuropeanRegulation_FeatImage.jpg","@id":"https:\/\/vanillafair.com\/fr\/reglementation-europeenne-vanille-defis-opportunites-exportateurs-americains\/#mainImage","width":1280,"height":600},"primaryImageOfPage":{"@id":"https:\/\/vanillafair.com\/fr\/reglementation-europeenne-vanille-defis-opportunites-exportateurs-americains\/#mainImage"},"datePublished":"2024-07-23T22:26:00+00:00","dateModified":"2026-04-22T08:46:44+00:00"},{"@type":"WebSite","@id":"https:\/\/vanillafair.com\/fr\/#website","url":"https:\/\/vanillafair.com\/fr\/","name":"Vanilla fair","alternateName":"VFF","description":"Empowering Communities, One Vanilla Bean at a Time","inLanguage":"fr-FR","publisher":{"@id":"https:\/\/vanillafair.com\/fr\/#organization"}}]},"og:locale":"fr_FR","og:site_name":"Vanilla fair | Empowering Communities, One Vanilla Bean at a Time","og:type":"article","og:title":"R\u00e9glementation europ\u00e9enne sur la vanille : D\u00e9fis et opportunit\u00e9s pour les exportateurs am\u00e9ricains | Vanilla fair","og:description":"D\u00e9couvrez les effets de l\u2019\u00e9volution des r\u00e9glementations de l'UE sur les exportations de vanille en provenance des \u00c9tats-Unis. Informez-vous sur les d\u00e9fis r\u00e9glementaires, les exigences de conformit\u00e9 et les perspectives futures pour les exportateurs am\u00e9ricains.","og:url":"https:\/\/vanillafair.com\/fr\/reglementation-europeenne-vanille-defis-opportunites-exportateurs-americains\/","og:image":"https:\/\/vanillafair.com\/wp-content\/uploads\/2024\/08\/Black-Vanilla-for-Professionals-2.jpg","og:image:secure_url":"https:\/\/vanillafair.com\/wp-content\/uploads\/2024\/08\/Black-Vanilla-for-Professionals-2.jpg","og:image:width":1280,"og:image:height":600,"article:published_time":"2024-07-23T22:26:00+00:00","article:modified_time":"2026-04-22T08:46:44+00:00","article:publisher":"https:\/\/www.facebook.com\/profile.php?id=61550121462223","twitter:card":"summary_large_image","twitter:title":"R\u00e9glementation europ\u00e9enne sur la vanille : D\u00e9fis et opportunit\u00e9s pour les exportateurs am\u00e9ricains | Vanilla fair","twitter:description":"D\u00e9couvrez les effets de l\u2019\u00e9volution des r\u00e9glementations de l'UE sur les exportations de vanille en provenance des \u00c9tats-Unis. Informez-vous sur les d\u00e9fis r\u00e9glementaires, les exigences de conformit\u00e9 et les perspectives futures pour les exportateurs am\u00e9ricains.","twitter:image":"https:\/\/vanillafair.cssrender.com\/wp-content\/uploads\/2024\/06\/logo.svg"},"aioseo_meta_data":{"post_id":"2378","title":null,"description":null,"keywords":null,"keyphrases":{"focus":{"keyphrase":"r\u00e9glementation europ\u00e9enne vanille exportateurs","score":0,"active":true},"additional":[]},"primary_term":null,"canonical_url":null,"og_title":null,"og_description":null,"og_object_type":"default","og_image_type":"default","og_image_url":null,"og_image_width":null,"og_image_height":null,"og_image_custom_url":null,"og_image_custom_fields":null,"og_video":"","og_custom_url":null,"og_article_section":null,"og_article_tags":null,"twitter_use_og":false,"twitter_card":"default","twitter_image_type":"default","twitter_image_url":null,"twitter_image_custom_url":null,"twitter_image_custom_fields":null,"twitter_title":null,"twitter_description":null,"schema":{"blockGraphs":[],"customGraphs":[],"default":{"data":{"Article":[],"Course":[],"Dataset":[],"FAQPage":[],"Movie":[],"Person":[],"Product":[],"ProductReview":[],"Car":[],"Recipe":[],"Service":[],"SoftwareApplication":[],"WebPage":[]},"graphName":"BlogPosting","isEnabled":true},"graphs":[]},"schema_type":"default","schema_type_options":null,"pillar_content":false,"robots_default":true,"robots_noindex":false,"robots_noarchive":false,"robots_nosnippet":false,"robots_nofollow":false,"robots_noimageindex":false,"robots_noodp":false,"robots_notranslate":false,"robots_max_snippet":"-1","robots_max_videopreview":"-1","robots_max_imagepreview":"large","priority":null,"frequency":"default","local_seo":null,"seo_analyzer_scan_date":"2026-04-22 08:49:44","breadcrumb_settings":null,"limit_modified_date":false,"reviewed_by":null,"open_ai":"{\"title\":{\"suggestions\":[],\"usage\":0},\"description\":{\"suggestions\":[],\"usage\":0}}","ai":null,"created":"2024-07-23 22:26:33","updated":"2026-04-22 08:49:44"},"aioseo_breadcrumb":"<div class=\"aioseo-breadcrumbs\"><span class=\"aioseo-breadcrumb\">\n\t<a href=\"https:\/\/vanillafair.com\/fr\/\" title=\"Home\">Home<\/a>\n<\/span><span class=\"aioseo-breadcrumb-separator\">\u2013<\/span><span class=\"aioseo-breadcrumb\">\n\t<a href=\"https:\/\/vanillafair.com\/fr\/category\/actualites-industrielles\/\" title=\"Actualit\u00e9s Industrielles\">Actualit\u00e9s Industrielles<\/a>\n<\/span><span class=\"aioseo-breadcrumb-separator\">\u2013<\/span><span class=\"aioseo-breadcrumb\">\n\tR\u00e9glementation europ\u00e9enne sur la vanille : D\u00e9fis et opportunit\u00e9s pour les exportateurs am\u00e9ricains\n<\/span><\/div>","aioseo_breadcrumb_json":[{"label":"Home","link":"https:\/\/vanillafair.com\/fr\/"},{"label":"Actualit\u00e9s Industrielles","link":"https:\/\/vanillafair.com\/fr\/category\/actualites-industrielles\/"},{"label":"R\u00e9glementation europ\u00e9enne sur la vanille : D\u00e9fis et opportunit\u00e9s pour les exportateurs am\u00e9ricains","link":"https:\/\/vanillafair.com\/fr\/reglementation-europeenne-vanille-defis-opportunites-exportateurs-americains\/"}],"_links":{"self":[{"href":"https:\/\/vanillafair.com\/fr\/wp-json\/wp\/v2\/posts\/2378","targetHints":{"allow":["GET"]}}],"collection":[{"href":"https:\/\/vanillafair.com\/fr\/wp-json\/wp\/v2\/posts"}],"about":[{"href":"https:\/\/vanillafair.com\/fr\/wp-json\/wp\/v2\/types\/post"}],"author":[{"embeddable":true,"href":"https:\/\/vanillafair.com\/fr\/wp-json\/wp\/v2\/users\/3"}],"replies":[{"embeddable":true,"href":"https:\/\/vanillafair.com\/fr\/wp-json\/wp\/v2\/comments?post=2378"}],"version-history":[{"count":11,"href":"https:\/\/vanillafair.com\/fr\/wp-json\/wp\/v2\/posts\/2378\/revisions"}],"predecessor-version":[{"id":6069,"href":"https:\/\/vanillafair.com\/fr\/wp-json\/wp\/v2\/posts\/2378\/revisions\/6069"}],"wp:featuredmedia":[{"embeddable":true,"href":"https:\/\/vanillafair.com\/fr\/wp-json\/wp\/v2\/media\/2281"}],"wp:attachment":[{"href":"https:\/\/vanillafair.com\/fr\/wp-json\/wp\/v2\/media?parent=2378"}],"wp:term":[{"taxonomy":"category","embeddable":true,"href":"https:\/\/vanillafair.com\/fr\/wp-json\/wp\/v2\/categories?post=2378"},{"taxonomy":"post_tag","embeddable":true,"href":"https:\/\/vanillafair.com\/fr\/wp-json\/wp\/v2\/tags?post=2378"}],"curies":[{"name":"wp","href":"https:\/\/api.w.org\/{rel}","templated":true}]}}