{"id":2387,"date":"2024-07-24T03:37:29","date_gmt":"2024-07-24T03:37:29","guid":{"rendered":"https:\/\/vanillafair.com\/?p=2387"},"modified":"2026-04-22T08:46:44","modified_gmt":"2026-04-22T08:46:44","slug":"vanilla-fair-dubai-f2f-health","status":"publish","type":"post","link":"https:\/\/vanillafair.com\/fr\/vanilla-fair-dubai-f2f-health\/","title":{"rendered":"Vanilla Fair repr\u00e9sente la France \u00e0 Duba\u00ef avec F2F Health Matters"},"content":{"rendered":"<p>Du 14 au 19 f\u00e9vrier 2024, Vanilla Fair a eu l&rsquo;honneur de participer \u00e0 une mission exploratoire et de prospection \u00e0 Duba\u00ef dans le cadre du programme europ\u00e9en\u00a0<a style=\"color: #aa3c2e;\" href=\"https:\/\/f2f-project.eu\/\">F2F Health Matters<\/a>. Cette participation constitue une reconnaissance notable pour cette entreprise bretonne, sp\u00e9cialis\u00e9e dans la vanille premium de Madagascar.<\/p>\n<h2 style=\"font-weight: 400; font-size: 26px; color: #aa3c2e; margin-bottom: 20px;\">F2F Health Matters, un acc\u00e9l\u00e9rateur unique pour l&rsquo;internationalisation des PME agroalimentaires<\/h2>\n<h6>Un programme ambitieux pour les PME innovantes<\/h6>\n<p>F2F Health Matters est un programme ambitieux dirig\u00e9 par une alliance de cinq clusters europ\u00e9ens : Wagralim (Belgique), Clusaga (Espagne), BioEconomy Cluster (Slovaquie), InovCluster (Portugal) et Valorial (France). Financ\u00e9 par le programme COSME de l&rsquo;Union europ\u00e9enne, il vise \u00e0 soutenir le d\u00e9veloppement international <a href=\"https:\/\/vanillafair.com\/fr\/in-madagascar-vanilla-planters-struggle-to-find-buyers\/\">des PME innovantes dans les<\/a> secteurs de la biotechnologie et de l&rsquo;agroalimentaire. Food to Fork (F2F) se concentre sur <a href=\"https:\/\/vanillafair.com\/fr\/in-madagascar-vanilla-planters-struggle-to-find-buyers\/\">les producteurs europ\u00e9ens engag\u00e9s \u00e0 offrir des<\/a> produits de qualit\u00e9 \u00e0 l&rsquo;international.<\/p>\n<h6>S\u00e9lection des march\u00e9s cibles et d\u00e9ploiement du programme<\/h6>\n<p>Le projet a pr\u00e9-s\u00e9lectionn\u00e9 cinq march\u00e9s cibles pour le secteur alimentaire : le Canada, la Cor\u00e9e du Sud, les \u00c9mirats arabes unis, le Vietnam et le Japon. Apr\u00e8s analyse, trois march\u00e9s seront s\u00e9lectionn\u00e9s pour d\u00e9ployer le programme de soutien et les missions commerciales.<\/p>\n<h2 style=\"font-weight: 400; font-size: 26px; color: #aa3c2e; margin-bottom: 20px;\">Une d\u00e9l\u00e9gation fran\u00e7aise de haut niveau pour promouvoir la FoodTech<\/h2>\n<h6>Les entreprises s\u00e9lectionn\u00e9es pour la mission<\/h6>\n<p>Aux c\u00f4t\u00e9s de Vanilla Fair, l&rsquo;entreprise bretonne ALGOLESKO, repr\u00e9sent\u00e9e par Magali Caignec, a \u00e9galement \u00e9t\u00e9 s\u00e9lectionn\u00e9e pour rejoindre la d\u00e9l\u00e9gation fran\u00e7aise. Valorial, le p\u00f4le de comp\u00e9titivit\u00e9 agroalimentaire du Grand Ouest, a orchestr\u00e9 cette mission \u00e0 Duba\u00ef, f\u00e9d\u00e9rant plus de 400 acteurs industriels et acad\u00e9miques autour de l&rsquo;innovation alimentaire.<\/p>\n<p><img height=\"600\" width=\"1280\" decoding=\"async\" style=\"width: 100% !important; margin-bottom: 20px;\" src=\"https:\/\/vanillafair.com\/wp-content\/uploads\/2024\/07\/F2F-HealthMatters_04.jpg\" alt=\"Health Matters\" \/><\/p>\n<h2 style=\"font-weight: 400; font-size: 26px; color: #aa3c2e; margin-bottom: 20px;\">5 jours pour explorer le march\u00e9 \u00e9mirati et nouer des partenariats<\/h2>\n<h6>Opportunit\u00e9s offertes par la mission<\/h6>\n<p>Cette mission a offert \u00e0 Vanilla Fair l&rsquo;occasion de mieux comprendre <a href=\"https:\/\/vanillafair.com\/fr\/reglementation-europeenne-vanille-defis-opportunites-exportateurs-americains\/\">les sp\u00e9cificit\u00e9s et opportunit\u00e9<\/a>s du march\u00e9 agroalimentaire \u00e9mirati. Le programme comprenait des rencontres B2B avec des importateurs et distributeurs pr\u00e9s\u00e9lectionn\u00e9s, des visites de points de vente <a href=\"https:\/\/vanillafair.com\/fr\/vanille-noire-pour-les-professionnels\/\">pour saisir les tendances locales<\/a>, et une immersion au salon Gulfood, le plus grand \u00e9v\u00e9nement mondial d\u00e9di\u00e9 \u00e0 l&rsquo;alimentation et aux boissons.<\/p>\n<h6>Soutien de TTE Gulf Management Consultancy<\/h6>\n<p>Avec le soutien de TTE Gulf Management Consultancy, une entreprise bas\u00e9e \u00e0 Duba\u00ef et partenaire privil\u00e9gi\u00e9 de F2F Health Matters, les entreprises ont b\u00e9n\u00e9fici\u00e9 d&rsquo;un accompagnement sur mesure pour optimiser leur pr\u00e9sence locale. Des ateliers et sessions de coaching ont \u00e9t\u00e9 organis\u00e9s pour aider les participants \u00e0 d\u00e9couvrir et comprendre les sp\u00e9cificit\u00e9s des relations commerciales au Moyen-Orient.<\/p>\n<h2 style=\"font-weight: 400; font-size: 26px; color: #aa3c2e; margin-bottom: 20px;\">Des r\u00e9sultats prometteurs pour d\u00e9velopper la r\u00e9putation de Vanilla Fair au Moyen-Orient<\/h2>\n<h6>Perspectives d&rsquo;avenir pour Vanilla Fair<\/h6>\n<p>Au-del\u00e0 de la visibilit\u00e9 offerte, cette mission a permis \u00e0 Vanilla Fair d&rsquo;identifier des partenaires commerciaux cl\u00e9s et d&rsquo;envisager des collaborations prometteuses. Pour votre information, des premiers contacts ont \u00e9t\u00e9 \u00e9tablis et devraient se concr\u00e9tiser dans les mois \u00e0 venir.<\/p>\n<h6>Objectif de d\u00e9veloppement sur le march\u00e9 du Moyen-Orient<\/h6>\n<p>Les enjeux sont \u00e9lev\u00e9s pour Vanilla Fair, qui vise \u00e0 devenir un acteur majeur <a href=\"https:\/\/vanillafair.com\/fr\/natural-vanilla-and-global-pesticide-regulations-navigating-mrls-in-the-eu-and-usa\/\">sur le march\u00e9 de la vanille<\/a> premium au Moyen-Orient. Duba\u00ef, v\u00e9ritable plaque tournante r\u00e9gionale, est un tremplin id\u00e9al pour se d\u00e9ployer davantage vers d&rsquo;autres pays cibles.<\/p>\n<div class=\"how-store-dies\"><img height=\"242\" width=\"516\" decoding=\"async\" src=\"https:\/\/vanillafair.com\/wp-content\/uploads\/2024\/06\/VF_A06_F2F-HealthMatters_02.jpg\" alt=\"Besoin d&#039;une cotation? Demandez-nous directement en ligne\"><div class=\"how-store\"><h2>Besoin d&#039;une cotation? Demandez-nous directement en ligne<\/h2><p>Vous souhaitez en savoir plus sur notre vanille, nos prix ou les d\u00e9tails d&#039;exp\u00e9dition ? Contactez-nous et demandez un devis via notre formulaire de contact ci-dessous <\/p><div class=\"btn\"><a href=\"https:\/\/vanillafair.com\/fr\/contactez-nous\/\">Demandez un devis <img decoding=\"async\" src=\"https:\/\/vanillafair.com\/wp-content\/themes\/vanillafair-themes\/assets\/img\/arrow-green-single.svg\" alt=\"arrow\"><\/a><\/div><\/div><\/div>\n<h2 style=\"font-weight: 400; font-size: 26px; color: #aa3c2e; margin-bottom: 20px; margin-top: 20px;\">Conclusion : un premier pas r\u00e9ussi<\/h2>\n<p>Forte de cette premi\u00e8re exp\u00e9rience r\u00e9ussie, Vanilla Fair surfe sur la vague du programme F2F Health Matters <a href=\"https:\/\/vanillafair.com\/fr\/conservation-vanille-maintien-arome-qualite\/\">pour acc\u00e9l\u00e9rer son<\/a> d\u00e9veloppement international. De nouvelles missions sont d\u00e9j\u00e0 pr\u00e9vues, avec le soutien renouvel\u00e9 de Valorial et des clusters partenaires europ\u00e9ens.<\/p>\n","protected":false},"excerpt":{"rendered":"<p>Dans le cadre du programme europ\u00e9en F2F Health Matters, Vanilla Fair a particip\u00e9 \u00e0 une mission exploratoire \u00e0 Duba\u00ef pour accro\u00eetre sa visibilit\u00e9 sur le march\u00e9 agroalimentaire des \u00c9mirats arabes unis.<\/p>\n","protected":false},"author":3,"featured_media":2187,"comment_status":"closed","ping_status":"closed","sticky":false,"template":"","format":"standard","meta":{"_acf_changed":false,"footnotes":""},"categories":[53],"tags":[],"class_list":["post-2387","post","type-post","status-publish","format-standard","has-post-thumbnail","hentry","category-infos-vanilla-fair"],"acf":[],"aioseo_notices":[],"aioseo_head":"\n\t\t<!-- All in One SEO Pro 4.9.6.2 - aioseo.com -->\n\t<meta name=\"description\" content=\"Dans le cadre du programme europ\u00e9en F2F Health Matters, Vanilla Fair a particip\u00e9 \u00e0 une mission exploratoire \u00e0 Duba\u00ef pour accro\u00eetre sa visibilit\u00e9 sur le march\u00e9 agroalimentaire des \u00c9mirats arabes unis.\" \/>\n\t<meta name=\"robots\" content=\"max-snippet:-1, max-image-preview:large, max-video-preview:-1\" \/>\n\t<meta name=\"author\" content=\"J\u00f6el Mamihery\"\/>\n\t<meta name=\"google-site-verification\" content=\"v2xa5-fUu2oVBpRW3zu3eoK3R5xvbC4Q9p2I5CI9WEI\" \/>\n\t<link rel=\"canonical\" href=\"https:\/\/vanillafair.com\/fr\/vanilla-fair-dubai-f2f-health\/\" \/>\n\t<meta name=\"generator\" content=\"All in One SEO Pro (AIOSEO) 4.9.6.2\" \/>\n\t\t<meta property=\"og:locale\" content=\"fr_FR\" \/>\n\t\t<meta property=\"og:site_name\" content=\"Vanilla fair | Empowering Communities, One Vanilla Bean at a Time\" \/>\n\t\t<meta property=\"og:type\" content=\"article\" \/>\n\t\t<meta property=\"og:title\" content=\"Vanilla Fair repr\u00e9sente la France \u00e0 Duba\u00ef avec F2F Health Matters | Vanilla fair\" \/>\n\t\t<meta property=\"og:description\" content=\"Dans le cadre du programme europ\u00e9en F2F Health Matters, Vanilla Fair a particip\u00e9 \u00e0 une mission exploratoire \u00e0 Duba\u00ef pour accro\u00eetre sa visibilit\u00e9 sur le march\u00e9 agroalimentaire des \u00c9mirats arabes unis.\" \/>\n\t\t<meta property=\"og:url\" content=\"https:\/\/vanillafair.com\/fr\/vanilla-fair-dubai-f2f-health\/\" \/>\n\t\t<meta property=\"og:image\" content=\"https:\/\/vanillafair.com\/wp-content\/uploads\/2024\/08\/Black-Vanilla-for-Professionals-2.jpg\" \/>\n\t\t<meta property=\"og:image:secure_url\" content=\"https:\/\/vanillafair.com\/wp-content\/uploads\/2024\/08\/Black-Vanilla-for-Professionals-2.jpg\" \/>\n\t\t<meta property=\"og:image:width\" content=\"1280\" \/>\n\t\t<meta property=\"og:image:height\" content=\"600\" \/>\n\t\t<meta property=\"article:published_time\" content=\"2024-07-24T03:37:29+00:00\" \/>\n\t\t<meta property=\"article:modified_time\" content=\"2026-04-22T08:46:44+00:00\" \/>\n\t\t<meta property=\"article:publisher\" content=\"https:\/\/www.facebook.com\/profile.php?id=61550121462223\" \/>\n\t\t<meta name=\"twitter:card\" content=\"summary_large_image\" \/>\n\t\t<meta name=\"twitter:title\" content=\"Vanilla Fair repr\u00e9sente la France \u00e0 Duba\u00ef avec F2F Health Matters | Vanilla fair\" \/>\n\t\t<meta name=\"twitter:description\" content=\"Dans le cadre du programme europ\u00e9en F2F Health Matters, Vanilla Fair a particip\u00e9 \u00e0 une mission exploratoire \u00e0 Duba\u00ef pour accro\u00eetre sa visibilit\u00e9 sur le march\u00e9 agroalimentaire des \u00c9mirats arabes unis.\" \/>\n\t\t<meta name=\"twitter:image\" content=\"https:\/\/vanillafair.cssrender.com\/wp-content\/uploads\/2024\/06\/logo.svg\" \/>\n\t\t<script type=\"application\/ld+json\" class=\"aioseo-schema\">\n\t\t\t{\"@context\":\"https:\\\/\\\/schema.org\",\"@graph\":[{\"@type\":\"BlogPosting\",\"@id\":\"https:\\\/\\\/vanillafair.com\\\/fr\\\/vanilla-fair-dubai-f2f-health\\\/#blogposting\",\"name\":\"Vanilla Fair repr\\u00e9sente la France \\u00e0 Duba\\u00ef avec F2F Health Matters | Vanilla fair\",\"headline\":\"Vanilla Fair repr\\u00e9sente la France \\u00e0 Duba\\u00ef avec F2F Health Matters\",\"author\":{\"@id\":\"https:\\\/\\\/vanillafair.com\\\/fr\\\/author\\\/djimo\\\/#author\"},\"publisher\":{\"@id\":\"https:\\\/\\\/vanillafair.com\\\/fr\\\/#organization\"},\"image\":{\"@type\":\"ImageObject\",\"url\":\"https:\\\/\\\/vanillafair.com\\\/wp-content\\\/uploads\\\/2024\\\/06\\\/VF_A06_F2F-HealthMatters_01.jpg\",\"width\":516,\"height\":242},\"datePublished\":\"2024-07-24T03:37:29+00:00\",\"dateModified\":\"2026-04-22T08:46:44+00:00\",\"inLanguage\":\"fr-FR\",\"mainEntityOfPage\":{\"@id\":\"https:\\\/\\\/vanillafair.com\\\/fr\\\/vanilla-fair-dubai-f2f-health\\\/#webpage\"},\"isPartOf\":{\"@id\":\"https:\\\/\\\/vanillafair.com\\\/fr\\\/vanilla-fair-dubai-f2f-health\\\/#webpage\"},\"articleSection\":\"Infos Vanilla Fair, Facultatif, Facultatif\"},{\"@type\":\"BreadcrumbList\",\"@id\":\"https:\\\/\\\/vanillafair.com\\\/fr\\\/vanilla-fair-dubai-f2f-health\\\/#breadcrumblist\",\"itemListElement\":[{\"@type\":\"ListItem\",\"@id\":\"https:\\\/\\\/vanillafair.com\\\/fr\\\/#listItem\",\"position\":1,\"name\":\"Home\",\"item\":\"https:\\\/\\\/vanillafair.com\\\/fr\\\/\",\"nextItem\":{\"@type\":\"ListItem\",\"@id\":\"https:\\\/\\\/vanillafair.com\\\/fr\\\/category\\\/infos-vanilla-fair\\\/#listItem\",\"name\":\"Infos Vanilla Fair\"}},{\"@type\":\"ListItem\",\"@id\":\"https:\\\/\\\/vanillafair.com\\\/fr\\\/category\\\/infos-vanilla-fair\\\/#listItem\",\"position\":2,\"name\":\"Infos Vanilla Fair\",\"item\":\"https:\\\/\\\/vanillafair.com\\\/fr\\\/category\\\/infos-vanilla-fair\\\/\",\"nextItem\":{\"@type\":\"ListItem\",\"@id\":\"https:\\\/\\\/vanillafair.com\\\/fr\\\/vanilla-fair-dubai-f2f-health\\\/#listItem\",\"name\":\"Vanilla Fair repr\\u00e9sente la France \\u00e0 Duba\\u00ef avec F2F Health Matters\"},\"previousItem\":{\"@type\":\"ListItem\",\"@id\":\"https:\\\/\\\/vanillafair.com\\\/fr\\\/#listItem\",\"name\":\"Home\"}},{\"@type\":\"ListItem\",\"@id\":\"https:\\\/\\\/vanillafair.com\\\/fr\\\/vanilla-fair-dubai-f2f-health\\\/#listItem\",\"position\":3,\"name\":\"Vanilla Fair repr\\u00e9sente la France \\u00e0 Duba\\u00ef avec F2F Health Matters\",\"previousItem\":{\"@type\":\"ListItem\",\"@id\":\"https:\\\/\\\/vanillafair.com\\\/fr\\\/category\\\/infos-vanilla-fair\\\/#listItem\",\"name\":\"Infos Vanilla Fair\"}}]},{\"@type\":\"Organization\",\"@id\":\"https:\\\/\\\/vanillafair.com\\\/fr\\\/#organization\",\"name\":\"Vanilla fair\",\"description\":\"Empowering Communities, One Vanilla Bean at a Time\",\"url\":\"https:\\\/\\\/vanillafair.com\\\/fr\\\/\",\"email\":\"contact@vanillafair.com\",\"telephone\":\"+33955658293\",\"foundingDate\":\"2018-12-04\",\"numberOfEmployees\":{\"@type\":\"QuantitativeValue\",\"minValue\":10,\"maxValue\":50},\"logo\":{\"@type\":\"ImageObject\",\"url\":\"https:\\\/\\\/vanillafair.cssrender.com\\\/wp-content\\\/uploads\\\/2024\\\/06\\\/logo.svg\",\"@id\":\"https:\\\/\\\/vanillafair.com\\\/fr\\\/vanilla-fair-dubai-f2f-health\\\/#organizationLogo\"},\"image\":{\"@id\":\"https:\\\/\\\/vanillafair.com\\\/fr\\\/vanilla-fair-dubai-f2f-health\\\/#organizationLogo\"},\"sameAs\":[\"https:\\\/\\\/www.facebook.com\\\/profile.php?id=61550121462223\",\"https:\\\/\\\/www.instagram.com\\\/vanilla__fair?igsh=enJnNTZvaTdzMzg2&utm_source=qr\",\"https:\\\/\\\/www.youtube.com\\\/@vanillafair\",\"https:\\\/\\\/www.linkedin.com\\\/company\\\/vanillafair\\\/\"]},{\"@type\":\"Person\",\"@id\":\"https:\\\/\\\/vanillafair.com\\\/fr\\\/author\\\/djimo\\\/#author\",\"url\":\"https:\\\/\\\/vanillafair.com\\\/fr\\\/author\\\/djimo\\\/\",\"name\":\"J\\u00f6el Mamihery\",\"image\":{\"@type\":\"ImageObject\",\"url\":\"https:\\\/\\\/secure.gravatar.com\\\/avatar\\\/c91423b23d8d0225ad40e011b7d7b939fa7d6e29a30ddf1bb13398b95d2200ad?s=96&d=mm&r=g\"}},{\"@type\":\"WebPage\",\"@id\":\"https:\\\/\\\/vanillafair.com\\\/fr\\\/vanilla-fair-dubai-f2f-health\\\/#webpage\",\"url\":\"https:\\\/\\\/vanillafair.com\\\/fr\\\/vanilla-fair-dubai-f2f-health\\\/\",\"name\":\"Vanilla Fair repr\\u00e9sente la France \\u00e0 Duba\\u00ef avec F2F Health Matters | Vanilla fair\",\"description\":\"Dans le cadre du programme europ\\u00e9en F2F Health Matters, Vanilla Fair a particip\\u00e9 \\u00e0 une mission exploratoire \\u00e0 Duba\\u00ef pour accro\\u00eetre sa visibilit\\u00e9 sur le march\\u00e9 agroalimentaire des \\u00c9mirats arabes unis.\",\"inLanguage\":\"fr-FR\",\"isPartOf\":{\"@id\":\"https:\\\/\\\/vanillafair.com\\\/fr\\\/#website\"},\"breadcrumb\":{\"@id\":\"https:\\\/\\\/vanillafair.com\\\/fr\\\/vanilla-fair-dubai-f2f-health\\\/#breadcrumblist\"},\"author\":{\"@id\":\"https:\\\/\\\/vanillafair.com\\\/fr\\\/author\\\/djimo\\\/#author\"},\"creator\":{\"@id\":\"https:\\\/\\\/vanillafair.com\\\/fr\\\/author\\\/djimo\\\/#author\"},\"image\":{\"@type\":\"ImageObject\",\"url\":\"https:\\\/\\\/vanillafair.com\\\/wp-content\\\/uploads\\\/2024\\\/06\\\/VF_A06_F2F-HealthMatters_01.jpg\",\"@id\":\"https:\\\/\\\/vanillafair.com\\\/fr\\\/vanilla-fair-dubai-f2f-health\\\/#mainImage\",\"width\":516,\"height\":242},\"primaryImageOfPage\":{\"@id\":\"https:\\\/\\\/vanillafair.com\\\/fr\\\/vanilla-fair-dubai-f2f-health\\\/#mainImage\"},\"datePublished\":\"2024-07-24T03:37:29+00:00\",\"dateModified\":\"2026-04-22T08:46:44+00:00\"},{\"@type\":\"WebSite\",\"@id\":\"https:\\\/\\\/vanillafair.com\\\/fr\\\/#website\",\"url\":\"https:\\\/\\\/vanillafair.com\\\/fr\\\/\",\"name\":\"Vanilla fair\",\"alternateName\":\"VFF\",\"description\":\"Empowering Communities, One Vanilla Bean at a Time\",\"inLanguage\":\"fr-FR\",\"publisher\":{\"@id\":\"https:\\\/\\\/vanillafair.com\\\/fr\\\/#organization\"}}]}\n\t\t<\/script>\n\t\t<!-- All in One SEO Pro -->\r\n\t\t<title>Vanilla Fair repr\u00e9sente la France \u00e0 Duba\u00ef avec F2F Health Matters | Vanilla fair<\/title>\n\n","aioseo_head_json":{"title":"Vanilla Fair repr\u00e9sente la France \u00e0 Duba\u00ef avec F2F Health Matters | Vanilla fair","description":"Dans le cadre du programme europ\u00e9en F2F Health Matters, Vanilla Fair a particip\u00e9 \u00e0 une mission exploratoire \u00e0 Duba\u00ef pour accro\u00eetre sa visibilit\u00e9 sur le march\u00e9 agroalimentaire des \u00c9mirats arabes unis.","canonical_url":"https:\/\/vanillafair.com\/fr\/vanilla-fair-dubai-f2f-health\/","robots":"max-snippet:-1, max-image-preview:large, max-video-preview:-1","keywords":"","webmasterTools":{"google-site-verification":"v2xa5-fUu2oVBpRW3zu3eoK3R5xvbC4Q9p2I5CI9WEI","miscellaneous":""},"schema":{"@context":"https:\/\/schema.org","@graph":[{"@type":"BlogPosting","@id":"https:\/\/vanillafair.com\/fr\/vanilla-fair-dubai-f2f-health\/#blogposting","name":"Vanilla Fair repr\u00e9sente la France \u00e0 Duba\u00ef avec F2F Health Matters | Vanilla fair","headline":"Vanilla Fair repr\u00e9sente la France \u00e0 Duba\u00ef avec F2F Health Matters","author":{"@id":"https:\/\/vanillafair.com\/fr\/author\/djimo\/#author"},"publisher":{"@id":"https:\/\/vanillafair.com\/fr\/#organization"},"image":{"@type":"ImageObject","url":"https:\/\/vanillafair.com\/wp-content\/uploads\/2024\/06\/VF_A06_F2F-HealthMatters_01.jpg","width":516,"height":242},"datePublished":"2024-07-24T03:37:29+00:00","dateModified":"2026-04-22T08:46:44+00:00","inLanguage":"fr-FR","mainEntityOfPage":{"@id":"https:\/\/vanillafair.com\/fr\/vanilla-fair-dubai-f2f-health\/#webpage"},"isPartOf":{"@id":"https:\/\/vanillafair.com\/fr\/vanilla-fair-dubai-f2f-health\/#webpage"},"articleSection":"Infos Vanilla Fair, Facultatif, Facultatif"},{"@type":"BreadcrumbList","@id":"https:\/\/vanillafair.com\/fr\/vanilla-fair-dubai-f2f-health\/#breadcrumblist","itemListElement":[{"@type":"ListItem","@id":"https:\/\/vanillafair.com\/fr\/#listItem","position":1,"name":"Home","item":"https:\/\/vanillafair.com\/fr\/","nextItem":{"@type":"ListItem","@id":"https:\/\/vanillafair.com\/fr\/category\/infos-vanilla-fair\/#listItem","name":"Infos Vanilla Fair"}},{"@type":"ListItem","@id":"https:\/\/vanillafair.com\/fr\/category\/infos-vanilla-fair\/#listItem","position":2,"name":"Infos Vanilla Fair","item":"https:\/\/vanillafair.com\/fr\/category\/infos-vanilla-fair\/","nextItem":{"@type":"ListItem","@id":"https:\/\/vanillafair.com\/fr\/vanilla-fair-dubai-f2f-health\/#listItem","name":"Vanilla Fair repr\u00e9sente la France \u00e0 Duba\u00ef avec F2F Health Matters"},"previousItem":{"@type":"ListItem","@id":"https:\/\/vanillafair.com\/fr\/#listItem","name":"Home"}},{"@type":"ListItem","@id":"https:\/\/vanillafair.com\/fr\/vanilla-fair-dubai-f2f-health\/#listItem","position":3,"name":"Vanilla Fair repr\u00e9sente la France \u00e0 Duba\u00ef avec F2F Health Matters","previousItem":{"@type":"ListItem","@id":"https:\/\/vanillafair.com\/fr\/category\/infos-vanilla-fair\/#listItem","name":"Infos Vanilla Fair"}}]},{"@type":"Organization","@id":"https:\/\/vanillafair.com\/fr\/#organization","name":"Vanilla fair","description":"Empowering Communities, One Vanilla Bean at a Time","url":"https:\/\/vanillafair.com\/fr\/","email":"contact@vanillafair.com","telephone":"+33955658293","foundingDate":"2018-12-04","numberOfEmployees":{"@type":"QuantitativeValue","minValue":10,"maxValue":50},"logo":{"@type":"ImageObject","url":"https:\/\/vanillafair.cssrender.com\/wp-content\/uploads\/2024\/06\/logo.svg","@id":"https:\/\/vanillafair.com\/fr\/vanilla-fair-dubai-f2f-health\/#organizationLogo"},"image":{"@id":"https:\/\/vanillafair.com\/fr\/vanilla-fair-dubai-f2f-health\/#organizationLogo"},"sameAs":["https:\/\/www.facebook.com\/profile.php?id=61550121462223","https:\/\/www.instagram.com\/vanilla__fair?igsh=enJnNTZvaTdzMzg2&utm_source=qr","https:\/\/www.youtube.com\/@vanillafair","https:\/\/www.linkedin.com\/company\/vanillafair\/"]},{"@type":"Person","@id":"https:\/\/vanillafair.com\/fr\/author\/djimo\/#author","url":"https:\/\/vanillafair.com\/fr\/author\/djimo\/","name":"J\u00f6el Mamihery","image":{"@type":"ImageObject","url":"https:\/\/secure.gravatar.com\/avatar\/c91423b23d8d0225ad40e011b7d7b939fa7d6e29a30ddf1bb13398b95d2200ad?s=96&d=mm&r=g"}},{"@type":"WebPage","@id":"https:\/\/vanillafair.com\/fr\/vanilla-fair-dubai-f2f-health\/#webpage","url":"https:\/\/vanillafair.com\/fr\/vanilla-fair-dubai-f2f-health\/","name":"Vanilla Fair repr\u00e9sente la France \u00e0 Duba\u00ef avec F2F Health Matters | Vanilla fair","description":"Dans le cadre du programme europ\u00e9en F2F Health Matters, Vanilla Fair a particip\u00e9 \u00e0 une mission exploratoire \u00e0 Duba\u00ef pour accro\u00eetre sa visibilit\u00e9 sur le march\u00e9 agroalimentaire des \u00c9mirats arabes unis.","inLanguage":"fr-FR","isPartOf":{"@id":"https:\/\/vanillafair.com\/fr\/#website"},"breadcrumb":{"@id":"https:\/\/vanillafair.com\/fr\/vanilla-fair-dubai-f2f-health\/#breadcrumblist"},"author":{"@id":"https:\/\/vanillafair.com\/fr\/author\/djimo\/#author"},"creator":{"@id":"https:\/\/vanillafair.com\/fr\/author\/djimo\/#author"},"image":{"@type":"ImageObject","url":"https:\/\/vanillafair.com\/wp-content\/uploads\/2024\/06\/VF_A06_F2F-HealthMatters_01.jpg","@id":"https:\/\/vanillafair.com\/fr\/vanilla-fair-dubai-f2f-health\/#mainImage","width":516,"height":242},"primaryImageOfPage":{"@id":"https:\/\/vanillafair.com\/fr\/vanilla-fair-dubai-f2f-health\/#mainImage"},"datePublished":"2024-07-24T03:37:29+00:00","dateModified":"2026-04-22T08:46:44+00:00"},{"@type":"WebSite","@id":"https:\/\/vanillafair.com\/fr\/#website","url":"https:\/\/vanillafair.com\/fr\/","name":"Vanilla fair","alternateName":"VFF","description":"Empowering Communities, One Vanilla Bean at a Time","inLanguage":"fr-FR","publisher":{"@id":"https:\/\/vanillafair.com\/fr\/#organization"}}]},"og:locale":"fr_FR","og:site_name":"Vanilla fair | Empowering Communities, One Vanilla Bean at a Time","og:type":"article","og:title":"Vanilla Fair repr\u00e9sente la France \u00e0 Duba\u00ef avec F2F Health Matters | Vanilla fair","og:description":"Dans le cadre du programme europ\u00e9en F2F Health Matters, Vanilla Fair a particip\u00e9 \u00e0 une mission exploratoire \u00e0 Duba\u00ef pour accro\u00eetre sa visibilit\u00e9 sur le march\u00e9 agroalimentaire des \u00c9mirats arabes unis.","og:url":"https:\/\/vanillafair.com\/fr\/vanilla-fair-dubai-f2f-health\/","og:image":"https:\/\/vanillafair.com\/wp-content\/uploads\/2024\/08\/Black-Vanilla-for-Professionals-2.jpg","og:image:secure_url":"https:\/\/vanillafair.com\/wp-content\/uploads\/2024\/08\/Black-Vanilla-for-Professionals-2.jpg","og:image:width":1280,"og:image:height":600,"article:published_time":"2024-07-24T03:37:29+00:00","article:modified_time":"2026-04-22T08:46:44+00:00","article:publisher":"https:\/\/www.facebook.com\/profile.php?id=61550121462223","twitter:card":"summary_large_image","twitter:title":"Vanilla Fair repr\u00e9sente la France \u00e0 Duba\u00ef avec F2F Health Matters | Vanilla fair","twitter:description":"Dans le cadre du programme europ\u00e9en F2F Health Matters, Vanilla Fair a particip\u00e9 \u00e0 une mission exploratoire \u00e0 Duba\u00ef pour accro\u00eetre sa visibilit\u00e9 sur le march\u00e9 agroalimentaire des \u00c9mirats arabes unis.","twitter:image":"https:\/\/vanillafair.cssrender.com\/wp-content\/uploads\/2024\/06\/logo.svg"},"aioseo_meta_data":{"post_id":"2387","title":null,"description":null,"keywords":null,"keyphrases":{"focus":{"keyphrase":"Vanilla Fair Duba\u00ef F2F Health Matters","score":0,"active":true},"additional":[]},"primary_term":null,"canonical_url":null,"og_title":null,"og_description":null,"og_object_type":"default","og_image_type":"default","og_image_url":null,"og_image_width":null,"og_image_height":null,"og_image_custom_url":null,"og_image_custom_fields":null,"og_video":"","og_custom_url":null,"og_article_section":null,"og_article_tags":null,"twitter_use_og":false,"twitter_card":"default","twitter_image_type":"default","twitter_image_url":null,"twitter_image_custom_url":null,"twitter_image_custom_fields":null,"twitter_title":null,"twitter_description":null,"schema":{"blockGraphs":[],"customGraphs":[],"default":{"data":{"Article":[],"Course":[],"Dataset":[],"FAQPage":[],"Movie":[],"Person":[],"Product":[],"ProductReview":[],"Car":[],"Recipe":[],"Service":[],"SoftwareApplication":[],"WebPage":[]},"graphName":"BlogPosting","isEnabled":true},"graphs":[]},"schema_type":"default","schema_type_options":null,"pillar_content":false,"robots_default":true,"robots_noindex":false,"robots_noarchive":false,"robots_nosnippet":false,"robots_nofollow":false,"robots_noimageindex":false,"robots_noodp":false,"robots_notranslate":false,"robots_max_snippet":"-1","robots_max_videopreview":"-1","robots_max_imagepreview":"large","priority":null,"frequency":"default","local_seo":null,"seo_analyzer_scan_date":"2026-04-22 08:49:46","breadcrumb_settings":null,"limit_modified_date":false,"reviewed_by":null,"open_ai":"{\"title\":{\"suggestions\":[],\"usage\":0},\"description\":{\"suggestions\":[],\"usage\":0}}","ai":null,"created":"2024-07-24 03:36:33","updated":"2026-04-22 08:49:46"},"aioseo_breadcrumb":"<div class=\"aioseo-breadcrumbs\"><span class=\"aioseo-breadcrumb\">\n\t<a href=\"https:\/\/vanillafair.com\/fr\/\" title=\"Home\">Home<\/a>\n<\/span><span class=\"aioseo-breadcrumb-separator\">\u2013<\/span><span class=\"aioseo-breadcrumb\">\n\t<a href=\"https:\/\/vanillafair.com\/fr\/category\/infos-vanilla-fair\/\" title=\"Infos Vanilla Fair\">Infos Vanilla Fair<\/a>\n<\/span><span class=\"aioseo-breadcrumb-separator\">\u2013<\/span><span class=\"aioseo-breadcrumb\">\n\tVanilla Fair repr\u00e9sente la France \u00e0 Duba\u00ef avec F2F Health Matters\n<\/span><\/div>","aioseo_breadcrumb_json":[{"label":"Home","link":"https:\/\/vanillafair.com\/fr\/"},{"label":"Infos Vanilla Fair","link":"https:\/\/vanillafair.com\/fr\/category\/infos-vanilla-fair\/"},{"label":"Vanilla Fair repr\u00e9sente la France \u00e0 Duba\u00ef avec F2F Health Matters","link":"https:\/\/vanillafair.com\/fr\/vanilla-fair-dubai-f2f-health\/"}],"_links":{"self":[{"href":"https:\/\/vanillafair.com\/fr\/wp-json\/wp\/v2\/posts\/2387","targetHints":{"allow":["GET"]}}],"collection":[{"href":"https:\/\/vanillafair.com\/fr\/wp-json\/wp\/v2\/posts"}],"about":[{"href":"https:\/\/vanillafair.com\/fr\/wp-json\/wp\/v2\/types\/post"}],"author":[{"embeddable":true,"href":"https:\/\/vanillafair.com\/fr\/wp-json\/wp\/v2\/users\/3"}],"replies":[{"embeddable":true,"href":"https:\/\/vanillafair.com\/fr\/wp-json\/wp\/v2\/comments?post=2387"}],"version-history":[{"count":19,"href":"https:\/\/vanillafair.com\/fr\/wp-json\/wp\/v2\/posts\/2387\/revisions"}],"predecessor-version":[{"id":6099,"href":"https:\/\/vanillafair.com\/fr\/wp-json\/wp\/v2\/posts\/2387\/revisions\/6099"}],"wp:featuredmedia":[{"embeddable":true,"href":"https:\/\/vanillafair.com\/fr\/wp-json\/wp\/v2\/media\/2187"}],"wp:attachment":[{"href":"https:\/\/vanillafair.com\/fr\/wp-json\/wp\/v2\/media?parent=2387"}],"wp:term":[{"taxonomy":"category","embeddable":true,"href":"https:\/\/vanillafair.com\/fr\/wp-json\/wp\/v2\/categories?post=2387"},{"taxonomy":"post_tag","embeddable":true,"href":"https:\/\/vanillafair.com\/fr\/wp-json\/wp\/v2\/tags?post=2387"}],"curies":[{"name":"wp","href":"https:\/\/api.w.org\/{rel}","templated":true}]}}