{"id":2996,"date":"2024-08-14T09:48:21","date_gmt":"2024-08-14T09:48:21","guid":{"rendered":"https:\/\/vanillafair.com\/vanilla-powder-for-professionals\/"},"modified":"2026-04-22T08:47:59","modified_gmt":"2026-04-22T08:47:59","slug":"poudre-de-vanille-pour-professionnels","status":"publish","type":"post","link":"https:\/\/vanillafair.com\/fr\/poudre-de-vanille-pour-professionnels\/","title":{"rendered":"Vanille en poudre pour les professionnels"},"content":{"rendered":"<p>D\u00e9couvrez notre vanille en poudre naturelle, disponible en versions conventionnelle et biologique, sp\u00e9cialement formul\u00e9e pour r\u00e9pondre aux exigences de l&rsquo;industrie agroalimentaire moderne.<\/p>\n<h2 style=\"font-weight: 400; font-size: 26px; color: #aa3c2e; margin-bottom: 20px;\">Une poudre de grande qualit\u00e9<\/h2>\n<h6>Qu&rsquo;est-ce que la vanille en poudre<\/h6>\n<p>Notre vanille en poudre est obtenue \u00e0 partir de gousses de vanille soigneusement s\u00e9lectionn\u00e9es et finement broy\u00e9es pour garantir une int\u00e9gration homog\u00e8ne dans vos processus industriels. Chez Vanilla Fair, nous proposons plusieurs compositions pour r\u00e9pondre \u00e0 vos besoins sp\u00e9cifiques :<\/p>\n<ol>\n<li><strong>Vanille Planifolia Madagascar<\/strong> : Notre poudre classique, 100% issue de gousses de vanille Bourbon de Madagascar, reconnue pour son ar\u00f4me riche et complexe.<\/li>\n<li><strong>Composition mixte<\/strong> : Une combinaison unique de vanille de Madagascar et de Papouasie-Nouvelle-Guin\u00e9e. Ce m\u00e9lange pr\u00e9sente des caract\u00e9ristiques organoleptiques plus puissantes, permettant une meilleure fixation dans certaines formulations industrielles.<\/li>\n<\/ol>\n<p>Ces produits 100% naturels, sans additifs ni conservateurs, offrent des solutions standardis\u00e9es pour vos productions industrielles.<\/p>\n<p><img height=\"242\" width=\"516\" decoding=\"async\" style=\"width: 100%; margin-bottom: 20px;\" src=\"https:\/\/vanillafair.com\/wp-content\/uploads\/2024\/08\/Ready-to-use-vanilla-powder.jpg\" alt=\"Vanille en poudre pr\u00eate \u00e0 l'emploi\" \/><\/p>\n<h6>Comment est faite la vanille en poudre chez Vanilla Fair<\/h6>\n<p>Chez Vanilla Fair, nous collaborons avec des producteurs certifi\u00e9s \u00e0 Madagascar et en Papouasie-Nouvelle-Guin\u00e9e <a href=\"https:\/\/vanillafair.com\/fr\/assurance-qualite-gousses-vanille-premium\/\">pour assurer une qualit<\/a>\u00e9 constante. Notre processus de transformation utilise un broyeur \u00e0 l&rsquo;azote de pointe, garantissant une pr\u00e9servation optimale des compos\u00e9s <a href=\"https:\/\/vanillafair.com\/fr\/decouverte-profils-aromatiques-vanilla-planifolia\/\">aromatiques de la vanille<\/a>. Cette technique de broyage \u00e0 froid permet d&rsquo;obtenir une poudre d&rsquo;une finesse exceptionnelle tout en conservant l&rsquo;int\u00e9grit\u00e9 des huiles essentielles.<\/p>\n<p>Pour r\u00e9pondre aux besoins sp\u00e9cifiques de nos clients industriels, nous proposons un grammage ajustable sur demande, variant entre 300 et 500 microns. Cette flexibilit\u00e9 vous permet d&rsquo;obtenir la texture et la dispersion id\u00e9ales pour vos applications particuli\u00e8res.<\/p>\n<h6>Quels sont les atouts de la vanille en poudre Vanilla Fair<\/h6>\n<ul style=\"list-style-type: none;\">\n<li>&#8211; Disponible en versions conventionnelle et biologique certifi\u00e9es<\/li>\n<li>&#8211; Profil aromatique stable et reproductible gr\u00e2ce au broyage \u00e0 l&rsquo;azote<\/li>\n<li>&#8211; Culture bio respectueuse de l&rsquo;environnement<\/li>\n<li>&#8211; Soutien aux producteurs locaux via des pratiques de commerce \u00e9quitable<\/li>\n<li>&#8211; Tra\u00e7abilit\u00e9 compl\u00e8te de la plantation \u00e0 votre usine<\/li>\n<li>&#8211; Conforme aux normes alimentaires internationales<\/li>\n<\/ul>\n<h2 style=\"font-weight: 400; font-size: 26px; color: #aa3c2e; margin-bottom: 20px;\">Une vanille id\u00e9ale pour tous les professionnels<\/h2>\n<h6>Un produit \u00e9conomique<\/h6>\n<p>Par rapport aux gousses de vanille enti\u00e8res, notre vanille en poudre offre un excellent rapport qualit\u00e9-prix. Elle permet de r\u00e9duire consid\u00e9rablement le gaspillage et d&rsquo;optimiser le dosage dans vos pr\u00e9parations industrielles, r\u00e9duisant ainsi vos co\u00fbts de production.<\/p>\n<h6>Un produit polyvalent<\/h6>\n<p>Notre vanille en poudre s&rsquo;adapte \u00e0 une multitude de secteurs industriels :<\/p>\n<ul style=\"list-style-type: none;\">\n<li>&#8211; <strong>Industrie laiti\u00e8re<\/strong> : yaourts, cr\u00e8mes glac\u00e9es, desserts lact\u00e9s<\/li>\n<li>&#8211; <strong>Boulangerie et p\u00e2tisserie industrielle<\/strong> : biscuits, g\u00e2teaux, viennoiseries<\/li>\n<li>&#8211; <strong>Confiserie et chocolaterie<\/strong> : bonbons, chocolats, barres \u00e9nerg\u00e9tiques<\/li>\n<li>&#8211; <strong>Boissons <\/strong>: boissons lact\u00e9es, smoothies, prot\u00e9ines en poudre<\/li>\n<li>&#8211; <strong>Pr\u00e9parations alimentaires<\/strong> : sauces, soupes d\u00e9shydrat\u00e9es, pr\u00e9parations pour desserts<\/li>\n<li>&#8211; <strong>Nutrition sp\u00e9cialis\u00e9e<\/strong> : compl\u00e9ments alimentaires, nutrition sportive<\/li>\n<\/ul>\n<p>Notre vanille en poudre offre une alternative pratique aux extraits liquides pour les formulations sensibles \u00e0 l&rsquo;humidit\u00e9, garantissant une facilit\u00e9 d&rsquo;utilisation et une constance de go\u00fbt pour vos productions \u00e0 grande \u00e9chelle.<\/p>\n<h2 style=\"font-weight: 400; font-size: 26px; color: #aa3c2e; margin-bottom: 20px;\">Comment vous approvisionner en poudre de vanille<\/h2>\n<p>Notre processus d&rsquo;approvisionnement est con\u00e7u pour r\u00e9pondre aux exigences de l&rsquo;industrie agroalimentaire :<\/p>\n<ol>\n<li>Commandes en gros avec volumes adapt\u00e9s \u00e0 la production industrielle<\/li>\n<li>Conditionnements industriels : sacs de 25kg<\/li>\n<li>Contrats d&rsquo;approvisionnement \u00e0 long terme disponibles<\/li>\n<li>Livraisons planifi\u00e9es pour s&rsquo;int\u00e9grer \u00e0 votre flux de production<\/li>\n<li>Documentation compl\u00e8te pour la conformit\u00e9 r\u00e9glementaire<\/li>\n<\/ol>\n<div class=\"how-store-dies\"><img height=\"242\" width=\"516\" decoding=\"async\" src=\"https:\/\/vanillafair.com\/wp-content\/uploads\/2024\/08\/Madagascar-Vanilla.jpg\" alt=\"Contactez notre \u00e9quipe commerciale pour un plan d&#039;approvisionnement sur mesure\"><div class=\"how-store\"><h2>Contactez notre \u00e9quipe commerciale pour un plan d&#039;approvisionnement sur mesure<\/h2><p>Nous assurons la livraison dans le monde entier, en prenant en charge toutes les formalit\u00e9s douani\u00e8res pour simplifier vos importations.<\/p><div class=\"btn\"><a href=\"https:\/\/vanillafair.com\/fr\/contactez-nous\/\">Contactez-nous <img decoding=\"async\" src=\"https:\/\/vanillafair.com\/wp-content\/themes\/vanillafair-themes\/assets\/img\/arrow-green-single.svg\" alt=\"arrow\"><\/a><\/div><\/div><\/div>\n<h2 style=\"font-weight: 400; font-size: 26px; color: #aa3c2e; margin-bottom: 20px; margin-top: 20px;\">Dosage de la poudre de vanille<\/h2>\n<p>Les dosages recommand\u00e9s varient selon le type de produit et l&rsquo;intensit\u00e9 aromatique souhait\u00e9e :<\/p>\n<ul style=\"list-style-type: none;\">\n<li>&#8211; <strong>Produits laitiers<\/strong> : 0.1% \u00e0 0.3% du poids total<\/li>\n<li>&#8211; <strong>Boulangerie industrielle<\/strong> : 0.2% \u00e0 0.5% du poids de la farine<\/li>\n<li>&#8211; <strong>Confiserie<\/strong> : 0.3% \u00e0 0.6% du poids total<\/li>\n<li>&#8211; <strong>Boissons <\/strong>: 0.05% \u00e0 0.2% du volume total<\/li>\n<\/ul>\n<p>Notre \u00e9quipe technique est disponible pour des essais industriels et l&rsquo;optimisation des dosages dans vos lignes de production sp\u00e9cifiques.<\/p>\n<h2 style=\"font-weight: 400; font-size: 26px; color: #aa3c2e; margin-bottom: 20px;\">Conservation de la poudre de vanille<\/h2>\n<p>Pour une utilisation optimale dans un contexte industriel :<\/p>\n<ul style=\"list-style-type: none;\">\n<li>&#8211; <strong>Stockage <\/strong>: Environnement contr\u00f4l\u00e9, temp\u00e9rature &lt; 25\u00b0C, humidit\u00e9 &lt; 60%<\/li>\n<li>&#8211; <strong>Manipulation <\/strong>: Syst\u00e8mes de transfert pneumatique compatibles<\/li>\n<li>&#8211; <strong>FIFO <\/strong>: Rotation des stocks facilit\u00e9e par nos emballages dat\u00e9s<\/li>\n<li>&#8211; <strong>Dur\u00e9e de conservation<\/strong> : 24 mois, stabilit\u00e9 test\u00e9e pour les longues cha\u00eenes de production<\/li>\n<\/ul>\n<p>Nos emballages <a href=\"https:\/\/vanillafair.com\/fr\/red-us-europe-vanille-top-choix-extracteurs\/\">sont con\u00e7us pour<\/a> s&rsquo;int\u00e9grer facilement dans les syst\u00e8mes automatis\u00e9s de manutention et de dosage industriels.<\/p>\n<h2 style=\"font-weight: 400; font-size: 26px; color: #aa3c2e; margin-bottom: 20px;\">D\u00e9couvrez tous nos produits pour les professionnels<\/h2>\n<p>Explorez notre <a style=\"color: #aa3c2e;\" href=\"https:\/\/vanillafair.com\/fr\/produits\/\">gamme compl\u00e8te de produits \u00e0 base de vanille<\/a> pour l&rsquo;industrie agroalimentaire :<\/p>\n<ul style=\"list-style-type: none;\">\n<li>&#8211; <a style=\"color: #aa3c2e;\" href=\"https:\/\/vanillafair.com\/fr\/product_category\/gousses\/\">Grains de vanille<\/a><\/li>\n<li>&#8211; <a style=\"color: #aa3c2e;\" href=\"https:\/\/vanillafair.com\/fr\/product_category\/poudres-gourmet\/\">Vanille en poudre<\/a><\/li>\n<li>&#8211; <a style=\"color: #aa3c2e;\" href=\"https:\/\/vanillafair.com\/fr\/product\/perle\/\">Caviar de vanille<\/a><\/li>\n<li>&#8211; <a style=\"color: #aa3c2e;\" href=\"https:\/\/vanillafair.com\/fr\/product\/extraits-2\/\">Extraits de vanille<\/a><\/li>\n<li>&#8211; <a style=\"color: #aa3c2e;\" href=\"https:\/\/vanillafair.com\/fr\/product_category\/oleoresine\/\">Essence de vanille<\/a><\/li>\n<li>&#8211; <a style=\"color: #aa3c2e;\" href=\"https:\/\/vanillafair.com\/fr\/product\/pate\/\">P\u00e2te de vanille<\/a><\/li>\n<\/ul>\n<p>Chaque produit est disponible en version conventionnelle et biologique, avec des sp\u00e9cifications adapt\u00e9es \u00e0 l&rsquo;usage industriel. Que vous ayez besoin de grains de vanille pour une visibilit\u00e9 des particules, de vanille en poudre pour une int\u00e9gration homog\u00e8ne, de caviar de vanille pour un aspect premium, d&rsquo;extrait de vanille pour une solution liquide concentr\u00e9e, d&rsquo;essence de vanille* pour un ar\u00f4me intense sans particules, ou de p\u00e2te de vanille pour une texture onctueuse, nous avons la solution adapt\u00e9e \u00e0 vos besoins industriels.<\/p>\n","protected":false},"excerpt":{"rendered":"<p>Optez pour une vanille en poudre d\u2019excellence certifi\u00e9e bio. Sans additif et pr\u00eate \u00e0 l\u2019emploi, elle est id\u00e9ale pour tous les usages professionnels<\/p>\n","protected":false},"author":5,"featured_media":3234,"comment_status":"closed","ping_status":"closed","sticky":false,"template":"","format":"standard","meta":{"_acf_changed":false,"footnotes":""},"categories":[52,55],"tags":[],"class_list":["post-2996","post","type-post","status-publish","format-standard","has-post-thumbnail","hentry","category-actualites-industrielles","category-actualites-artisans"],"acf":[],"aioseo_notices":[],"aioseo_head":"\n\t\t<!-- All in One SEO Pro 4.9.6.2 - aioseo.com -->\n\t<meta name=\"description\" content=\"Optez pour une vanille en poudre d\u2019excellence certifi\u00e9e bio. Sans additif et pr\u00eate \u00e0 l\u2019emploi, elle est id\u00e9ale pour tous les usages professionnels\" \/>\n\t<meta name=\"robots\" content=\"max-snippet:-1, max-image-preview:large, max-video-preview:-1\" \/>\n\t<meta name=\"author\" content=\"Hanitra Nahitantsoa\"\/>\n\t<meta name=\"google-site-verification\" content=\"v2xa5-fUu2oVBpRW3zu3eoK3R5xvbC4Q9p2I5CI9WEI\" \/>\n\t<link rel=\"canonical\" href=\"https:\/\/vanillafair.com\/fr\/poudre-de-vanille-pour-professionnels\/\" \/>\n\t<meta name=\"generator\" content=\"All in One SEO Pro (AIOSEO) 4.9.6.2\" \/>\n\t\t<meta property=\"og:locale\" content=\"fr_FR\" \/>\n\t\t<meta property=\"og:site_name\" content=\"Vanilla fair | Empowering Communities, One Vanilla Bean at a Time\" \/>\n\t\t<meta property=\"og:type\" content=\"article\" \/>\n\t\t<meta property=\"og:title\" content=\"Vanille en poudre pour les professionnels | Vanilla fair\" \/>\n\t\t<meta property=\"og:description\" content=\"Optez pour une vanille en poudre d\u2019excellence certifi\u00e9e bio. Sans additif et pr\u00eate \u00e0 l\u2019emploi, elle est id\u00e9ale pour tous les usages professionnels\" \/>\n\t\t<meta property=\"og:url\" content=\"https:\/\/vanillafair.com\/fr\/poudre-de-vanille-pour-professionnels\/\" \/>\n\t\t<meta property=\"og:image\" content=\"https:\/\/vanillafair.com\/wp-content\/uploads\/2024\/08\/Black-Vanilla-for-Professionals-2.jpg\" \/>\n\t\t<meta property=\"og:image:secure_url\" content=\"https:\/\/vanillafair.com\/wp-content\/uploads\/2024\/08\/Black-Vanilla-for-Professionals-2.jpg\" \/>\n\t\t<meta property=\"og:image:width\" content=\"1280\" \/>\n\t\t<meta property=\"og:image:height\" content=\"600\" \/>\n\t\t<meta property=\"article:published_time\" content=\"2024-08-14T09:48:21+00:00\" \/>\n\t\t<meta property=\"article:modified_time\" content=\"2026-04-22T08:47:59+00:00\" \/>\n\t\t<meta property=\"article:publisher\" content=\"https:\/\/www.facebook.com\/profile.php?id=61550121462223\" \/>\n\t\t<meta name=\"twitter:card\" content=\"summary_large_image\" \/>\n\t\t<meta name=\"twitter:title\" content=\"Vanille en poudre pour les professionnels | Vanilla fair\" \/>\n\t\t<meta name=\"twitter:description\" content=\"Optez pour une vanille en poudre d\u2019excellence certifi\u00e9e bio. Sans additif et pr\u00eate \u00e0 l\u2019emploi, elle est id\u00e9ale pour tous les usages professionnels\" \/>\n\t\t<meta name=\"twitter:image\" content=\"https:\/\/vanillafair.cssrender.com\/wp-content\/uploads\/2024\/06\/logo.svg\" \/>\n\t\t<script type=\"application\/ld+json\" class=\"aioseo-schema\">\n\t\t\t{\"@context\":\"https:\\\/\\\/schema.org\",\"@graph\":[{\"@type\":\"BlogPosting\",\"@id\":\"https:\\\/\\\/vanillafair.com\\\/fr\\\/poudre-de-vanille-pour-professionnels\\\/#blogposting\",\"name\":\"Vanille en poudre pour les professionnels | Vanilla fair\",\"headline\":\"Vanille en poudre pour les professionnels\",\"author\":{\"@id\":\"https:\\\/\\\/vanillafair.com\\\/fr\\\/author\\\/hn\\\/#author\"},\"publisher\":{\"@id\":\"https:\\\/\\\/vanillafair.com\\\/fr\\\/#organization\"},\"image\":{\"@type\":\"ImageObject\",\"url\":\"https:\\\/\\\/vanillafair.com\\\/wp-content\\\/uploads\\\/2024\\\/08\\\/Ready-to-use-vanilla-powder.jpg\",\"width\":516,\"height\":242},\"datePublished\":\"2024-08-14T09:48:21+00:00\",\"dateModified\":\"2026-04-22T08:47:59+00:00\",\"inLanguage\":\"fr-FR\",\"mainEntityOfPage\":{\"@id\":\"https:\\\/\\\/vanillafair.com\\\/fr\\\/poudre-de-vanille-pour-professionnels\\\/#webpage\"},\"isPartOf\":{\"@id\":\"https:\\\/\\\/vanillafair.com\\\/fr\\\/poudre-de-vanille-pour-professionnels\\\/#webpage\"},\"articleSection\":\"Actualit\\u00e9s Industrielles, Actualit\\u00e9s Artisans, Facultatif, Optional, Facultatif\"},{\"@type\":\"BreadcrumbList\",\"@id\":\"https:\\\/\\\/vanillafair.com\\\/fr\\\/poudre-de-vanille-pour-professionnels\\\/#breadcrumblist\",\"itemListElement\":[{\"@type\":\"ListItem\",\"@id\":\"https:\\\/\\\/vanillafair.com\\\/fr\\\/#listItem\",\"position\":1,\"name\":\"Home\",\"item\":\"https:\\\/\\\/vanillafair.com\\\/fr\\\/\",\"nextItem\":{\"@type\":\"ListItem\",\"@id\":\"https:\\\/\\\/vanillafair.com\\\/fr\\\/category\\\/actualites-industrielles\\\/#listItem\",\"name\":\"Actualit\\u00e9s Industrielles\"}},{\"@type\":\"ListItem\",\"@id\":\"https:\\\/\\\/vanillafair.com\\\/fr\\\/category\\\/actualites-industrielles\\\/#listItem\",\"position\":2,\"name\":\"Actualit\\u00e9s Industrielles\",\"item\":\"https:\\\/\\\/vanillafair.com\\\/fr\\\/category\\\/actualites-industrielles\\\/\",\"nextItem\":{\"@type\":\"ListItem\",\"@id\":\"https:\\\/\\\/vanillafair.com\\\/fr\\\/poudre-de-vanille-pour-professionnels\\\/#listItem\",\"name\":\"Vanille en poudre pour les professionnels\"},\"previousItem\":{\"@type\":\"ListItem\",\"@id\":\"https:\\\/\\\/vanillafair.com\\\/fr\\\/#listItem\",\"name\":\"Home\"}},{\"@type\":\"ListItem\",\"@id\":\"https:\\\/\\\/vanillafair.com\\\/fr\\\/poudre-de-vanille-pour-professionnels\\\/#listItem\",\"position\":3,\"name\":\"Vanille en poudre pour les professionnels\",\"previousItem\":{\"@type\":\"ListItem\",\"@id\":\"https:\\\/\\\/vanillafair.com\\\/fr\\\/category\\\/actualites-industrielles\\\/#listItem\",\"name\":\"Actualit\\u00e9s Industrielles\"}}]},{\"@type\":\"Organization\",\"@id\":\"https:\\\/\\\/vanillafair.com\\\/fr\\\/#organization\",\"name\":\"Vanilla fair\",\"description\":\"Empowering Communities, One Vanilla Bean at a Time\",\"url\":\"https:\\\/\\\/vanillafair.com\\\/fr\\\/\",\"email\":\"contact@vanillafair.com\",\"telephone\":\"+33955658293\",\"foundingDate\":\"2018-12-04\",\"numberOfEmployees\":{\"@type\":\"QuantitativeValue\",\"minValue\":10,\"maxValue\":50},\"logo\":{\"@type\":\"ImageObject\",\"url\":\"https:\\\/\\\/vanillafair.cssrender.com\\\/wp-content\\\/uploads\\\/2024\\\/06\\\/logo.svg\",\"@id\":\"https:\\\/\\\/vanillafair.com\\\/fr\\\/poudre-de-vanille-pour-professionnels\\\/#organizationLogo\"},\"image\":{\"@id\":\"https:\\\/\\\/vanillafair.com\\\/fr\\\/poudre-de-vanille-pour-professionnels\\\/#organizationLogo\"},\"sameAs\":[\"https:\\\/\\\/www.facebook.com\\\/profile.php?id=61550121462223\",\"https:\\\/\\\/www.instagram.com\\\/vanilla__fair?igsh=enJnNTZvaTdzMzg2&utm_source=qr\",\"https:\\\/\\\/www.youtube.com\\\/@vanillafair\",\"https:\\\/\\\/www.linkedin.com\\\/company\\\/vanillafair\\\/\"]},{\"@type\":\"Person\",\"@id\":\"https:\\\/\\\/vanillafair.com\\\/fr\\\/author\\\/hn\\\/#author\",\"url\":\"https:\\\/\\\/vanillafair.com\\\/fr\\\/author\\\/hn\\\/\",\"name\":\"Hanitra Nahitantsoa\",\"image\":{\"@type\":\"ImageObject\",\"url\":\"https:\\\/\\\/secure.gravatar.com\\\/avatar\\\/165542a7388e5614b854ff82029615b8a028014bb233e497095fd4a5c5efa3c1?s=96&d=mm&r=g\"}},{\"@type\":\"WebPage\",\"@id\":\"https:\\\/\\\/vanillafair.com\\\/fr\\\/poudre-de-vanille-pour-professionnels\\\/#webpage\",\"url\":\"https:\\\/\\\/vanillafair.com\\\/fr\\\/poudre-de-vanille-pour-professionnels\\\/\",\"name\":\"Vanille en poudre pour les professionnels | Vanilla fair\",\"description\":\"Optez pour une vanille en poudre d\\u2019excellence certifi\\u00e9e bio. Sans additif et pr\\u00eate \\u00e0 l\\u2019emploi, elle est id\\u00e9ale pour tous les usages professionnels\",\"inLanguage\":\"fr-FR\",\"isPartOf\":{\"@id\":\"https:\\\/\\\/vanillafair.com\\\/fr\\\/#website\"},\"breadcrumb\":{\"@id\":\"https:\\\/\\\/vanillafair.com\\\/fr\\\/poudre-de-vanille-pour-professionnels\\\/#breadcrumblist\"},\"author\":{\"@id\":\"https:\\\/\\\/vanillafair.com\\\/fr\\\/author\\\/hn\\\/#author\"},\"creator\":{\"@id\":\"https:\\\/\\\/vanillafair.com\\\/fr\\\/author\\\/hn\\\/#author\"},\"image\":{\"@type\":\"ImageObject\",\"url\":\"https:\\\/\\\/vanillafair.com\\\/wp-content\\\/uploads\\\/2024\\\/08\\\/Ready-to-use-vanilla-powder.jpg\",\"@id\":\"https:\\\/\\\/vanillafair.com\\\/fr\\\/poudre-de-vanille-pour-professionnels\\\/#mainImage\",\"width\":516,\"height\":242},\"primaryImageOfPage\":{\"@id\":\"https:\\\/\\\/vanillafair.com\\\/fr\\\/poudre-de-vanille-pour-professionnels\\\/#mainImage\"},\"datePublished\":\"2024-08-14T09:48:21+00:00\",\"dateModified\":\"2026-04-22T08:47:59+00:00\"},{\"@type\":\"WebSite\",\"@id\":\"https:\\\/\\\/vanillafair.com\\\/fr\\\/#website\",\"url\":\"https:\\\/\\\/vanillafair.com\\\/fr\\\/\",\"name\":\"Vanilla fair\",\"alternateName\":\"VFF\",\"description\":\"Empowering Communities, One Vanilla Bean at a Time\",\"inLanguage\":\"fr-FR\",\"publisher\":{\"@id\":\"https:\\\/\\\/vanillafair.com\\\/fr\\\/#organization\"}}]}\n\t\t<\/script>\n\t\t<!-- All in One SEO Pro -->\r\n\t\t<title>Vanille en poudre pour les professionnels | Vanilla fair<\/title>\n\n","aioseo_head_json":{"title":"Vanille en poudre pour les professionnels | Vanilla fair","description":"Optez pour une vanille en poudre d\u2019excellence certifi\u00e9e bio. Sans additif et pr\u00eate \u00e0 l\u2019emploi, elle est id\u00e9ale pour tous les usages professionnels","canonical_url":"https:\/\/vanillafair.com\/fr\/poudre-de-vanille-pour-professionnels\/","robots":"max-snippet:-1, max-image-preview:large, max-video-preview:-1","keywords":"","webmasterTools":{"google-site-verification":"v2xa5-fUu2oVBpRW3zu3eoK3R5xvbC4Q9p2I5CI9WEI","miscellaneous":""},"schema":{"@context":"https:\/\/schema.org","@graph":[{"@type":"BlogPosting","@id":"https:\/\/vanillafair.com\/fr\/poudre-de-vanille-pour-professionnels\/#blogposting","name":"Vanille en poudre pour les professionnels | Vanilla fair","headline":"Vanille en poudre pour les professionnels","author":{"@id":"https:\/\/vanillafair.com\/fr\/author\/hn\/#author"},"publisher":{"@id":"https:\/\/vanillafair.com\/fr\/#organization"},"image":{"@type":"ImageObject","url":"https:\/\/vanillafair.com\/wp-content\/uploads\/2024\/08\/Ready-to-use-vanilla-powder.jpg","width":516,"height":242},"datePublished":"2024-08-14T09:48:21+00:00","dateModified":"2026-04-22T08:47:59+00:00","inLanguage":"fr-FR","mainEntityOfPage":{"@id":"https:\/\/vanillafair.com\/fr\/poudre-de-vanille-pour-professionnels\/#webpage"},"isPartOf":{"@id":"https:\/\/vanillafair.com\/fr\/poudre-de-vanille-pour-professionnels\/#webpage"},"articleSection":"Actualit\u00e9s Industrielles, Actualit\u00e9s Artisans, Facultatif, Optional, Facultatif"},{"@type":"BreadcrumbList","@id":"https:\/\/vanillafair.com\/fr\/poudre-de-vanille-pour-professionnels\/#breadcrumblist","itemListElement":[{"@type":"ListItem","@id":"https:\/\/vanillafair.com\/fr\/#listItem","position":1,"name":"Home","item":"https:\/\/vanillafair.com\/fr\/","nextItem":{"@type":"ListItem","@id":"https:\/\/vanillafair.com\/fr\/category\/actualites-industrielles\/#listItem","name":"Actualit\u00e9s Industrielles"}},{"@type":"ListItem","@id":"https:\/\/vanillafair.com\/fr\/category\/actualites-industrielles\/#listItem","position":2,"name":"Actualit\u00e9s Industrielles","item":"https:\/\/vanillafair.com\/fr\/category\/actualites-industrielles\/","nextItem":{"@type":"ListItem","@id":"https:\/\/vanillafair.com\/fr\/poudre-de-vanille-pour-professionnels\/#listItem","name":"Vanille en poudre pour les professionnels"},"previousItem":{"@type":"ListItem","@id":"https:\/\/vanillafair.com\/fr\/#listItem","name":"Home"}},{"@type":"ListItem","@id":"https:\/\/vanillafair.com\/fr\/poudre-de-vanille-pour-professionnels\/#listItem","position":3,"name":"Vanille en poudre pour les professionnels","previousItem":{"@type":"ListItem","@id":"https:\/\/vanillafair.com\/fr\/category\/actualites-industrielles\/#listItem","name":"Actualit\u00e9s Industrielles"}}]},{"@type":"Organization","@id":"https:\/\/vanillafair.com\/fr\/#organization","name":"Vanilla fair","description":"Empowering Communities, One Vanilla Bean at a Time","url":"https:\/\/vanillafair.com\/fr\/","email":"contact@vanillafair.com","telephone":"+33955658293","foundingDate":"2018-12-04","numberOfEmployees":{"@type":"QuantitativeValue","minValue":10,"maxValue":50},"logo":{"@type":"ImageObject","url":"https:\/\/vanillafair.cssrender.com\/wp-content\/uploads\/2024\/06\/logo.svg","@id":"https:\/\/vanillafair.com\/fr\/poudre-de-vanille-pour-professionnels\/#organizationLogo"},"image":{"@id":"https:\/\/vanillafair.com\/fr\/poudre-de-vanille-pour-professionnels\/#organizationLogo"},"sameAs":["https:\/\/www.facebook.com\/profile.php?id=61550121462223","https:\/\/www.instagram.com\/vanilla__fair?igsh=enJnNTZvaTdzMzg2&utm_source=qr","https:\/\/www.youtube.com\/@vanillafair","https:\/\/www.linkedin.com\/company\/vanillafair\/"]},{"@type":"Person","@id":"https:\/\/vanillafair.com\/fr\/author\/hn\/#author","url":"https:\/\/vanillafair.com\/fr\/author\/hn\/","name":"Hanitra Nahitantsoa","image":{"@type":"ImageObject","url":"https:\/\/secure.gravatar.com\/avatar\/165542a7388e5614b854ff82029615b8a028014bb233e497095fd4a5c5efa3c1?s=96&d=mm&r=g"}},{"@type":"WebPage","@id":"https:\/\/vanillafair.com\/fr\/poudre-de-vanille-pour-professionnels\/#webpage","url":"https:\/\/vanillafair.com\/fr\/poudre-de-vanille-pour-professionnels\/","name":"Vanille en poudre pour les professionnels | Vanilla fair","description":"Optez pour une vanille en poudre d\u2019excellence certifi\u00e9e bio. Sans additif et pr\u00eate \u00e0 l\u2019emploi, elle est id\u00e9ale pour tous les usages professionnels","inLanguage":"fr-FR","isPartOf":{"@id":"https:\/\/vanillafair.com\/fr\/#website"},"breadcrumb":{"@id":"https:\/\/vanillafair.com\/fr\/poudre-de-vanille-pour-professionnels\/#breadcrumblist"},"author":{"@id":"https:\/\/vanillafair.com\/fr\/author\/hn\/#author"},"creator":{"@id":"https:\/\/vanillafair.com\/fr\/author\/hn\/#author"},"image":{"@type":"ImageObject","url":"https:\/\/vanillafair.com\/wp-content\/uploads\/2024\/08\/Ready-to-use-vanilla-powder.jpg","@id":"https:\/\/vanillafair.com\/fr\/poudre-de-vanille-pour-professionnels\/#mainImage","width":516,"height":242},"primaryImageOfPage":{"@id":"https:\/\/vanillafair.com\/fr\/poudre-de-vanille-pour-professionnels\/#mainImage"},"datePublished":"2024-08-14T09:48:21+00:00","dateModified":"2026-04-22T08:47:59+00:00"},{"@type":"WebSite","@id":"https:\/\/vanillafair.com\/fr\/#website","url":"https:\/\/vanillafair.com\/fr\/","name":"Vanilla fair","alternateName":"VFF","description":"Empowering Communities, One Vanilla Bean at a Time","inLanguage":"fr-FR","publisher":{"@id":"https:\/\/vanillafair.com\/fr\/#organization"}}]},"og:locale":"fr_FR","og:site_name":"Vanilla fair | Empowering Communities, One Vanilla Bean at a Time","og:type":"article","og:title":"Vanille en poudre pour les professionnels | Vanilla fair","og:description":"Optez pour une vanille en poudre d\u2019excellence certifi\u00e9e bio. Sans additif et pr\u00eate \u00e0 l\u2019emploi, elle est id\u00e9ale pour tous les usages professionnels","og:url":"https:\/\/vanillafair.com\/fr\/poudre-de-vanille-pour-professionnels\/","og:image":"https:\/\/vanillafair.com\/wp-content\/uploads\/2024\/08\/Black-Vanilla-for-Professionals-2.jpg","og:image:secure_url":"https:\/\/vanillafair.com\/wp-content\/uploads\/2024\/08\/Black-Vanilla-for-Professionals-2.jpg","og:image:width":1280,"og:image:height":600,"article:published_time":"2024-08-14T09:48:21+00:00","article:modified_time":"2026-04-22T08:47:59+00:00","article:publisher":"https:\/\/www.facebook.com\/profile.php?id=61550121462223","twitter:card":"summary_large_image","twitter:title":"Vanille en poudre pour les professionnels | Vanilla fair","twitter:description":"Optez pour une vanille en poudre d\u2019excellence certifi\u00e9e bio. Sans additif et pr\u00eate \u00e0 l\u2019emploi, elle est id\u00e9ale pour tous les usages professionnels","twitter:image":"https:\/\/vanillafair.cssrender.com\/wp-content\/uploads\/2024\/06\/logo.svg"},"aioseo_meta_data":{"post_id":"2996","title":null,"description":null,"keywords":null,"keyphrases":{"focus":{"keyphrase":"vanille en poudre professionnels","score":0,"active":true},"additional":[]},"primary_term":null,"canonical_url":null,"og_title":null,"og_description":null,"og_object_type":"default","og_image_type":"default","og_image_url":null,"og_image_width":null,"og_image_height":null,"og_image_custom_url":null,"og_image_custom_fields":null,"og_video":"","og_custom_url":null,"og_article_section":null,"og_article_tags":null,"twitter_use_og":false,"twitter_card":"default","twitter_image_type":"default","twitter_image_url":null,"twitter_image_custom_url":null,"twitter_image_custom_fields":null,"twitter_title":null,"twitter_description":null,"schema":{"blockGraphs":[],"customGraphs":[],"default":{"data":{"Article":[],"Course":[],"Dataset":[],"FAQPage":[],"Movie":[],"Person":[],"Product":[],"ProductReview":[],"Car":[],"Recipe":[],"Service":[],"SoftwareApplication":[],"WebPage":[]},"graphName":"BlogPosting","isEnabled":true},"graphs":[]},"schema_type":"default","schema_type_options":null,"pillar_content":false,"robots_default":true,"robots_noindex":false,"robots_noarchive":false,"robots_nosnippet":false,"robots_nofollow":false,"robots_noimageindex":false,"robots_noodp":false,"robots_notranslate":false,"robots_max_snippet":"-1","robots_max_videopreview":"-1","robots_max_imagepreview":"large","priority":null,"frequency":"default","local_seo":null,"seo_analyzer_scan_date":"2026-04-22 08:59:59","breadcrumb_settings":null,"limit_modified_date":false,"reviewed_by":null,"open_ai":"{\"title\":{\"suggestions\":[],\"usage\":0},\"description\":{\"suggestions\":[],\"usage\":0}}","ai":null,"created":"2024-08-14 10:57:48","updated":"2026-04-22 08:59:59"},"aioseo_breadcrumb":"<div class=\"aioseo-breadcrumbs\"><span class=\"aioseo-breadcrumb\">\n\t<a href=\"https:\/\/vanillafair.com\/fr\/\" title=\"Home\">Home<\/a>\n<\/span><span class=\"aioseo-breadcrumb-separator\">\u2013<\/span><span class=\"aioseo-breadcrumb\">\n\t<a href=\"https:\/\/vanillafair.com\/fr\/category\/actualites-industrielles\/\" title=\"Actualit\u00e9s Industrielles\">Actualit\u00e9s Industrielles<\/a>\n<\/span><span class=\"aioseo-breadcrumb-separator\">\u2013<\/span><span class=\"aioseo-breadcrumb\">\n\tVanille en poudre pour les professionnels\n<\/span><\/div>","aioseo_breadcrumb_json":[{"label":"Home","link":"https:\/\/vanillafair.com\/fr\/"},{"label":"Actualit\u00e9s Industrielles","link":"https:\/\/vanillafair.com\/fr\/category\/actualites-industrielles\/"},{"label":"Vanille en poudre pour les professionnels","link":"https:\/\/vanillafair.com\/fr\/poudre-de-vanille-pour-professionnels\/"}],"_links":{"self":[{"href":"https:\/\/vanillafair.com\/fr\/wp-json\/wp\/v2\/posts\/2996","targetHints":{"allow":["GET"]}}],"collection":[{"href":"https:\/\/vanillafair.com\/fr\/wp-json\/wp\/v2\/posts"}],"about":[{"href":"https:\/\/vanillafair.com\/fr\/wp-json\/wp\/v2\/types\/post"}],"author":[{"embeddable":true,"href":"https:\/\/vanillafair.com\/fr\/wp-json\/wp\/v2\/users\/5"}],"replies":[{"embeddable":true,"href":"https:\/\/vanillafair.com\/fr\/wp-json\/wp\/v2\/comments?post=2996"}],"version-history":[{"count":21,"href":"https:\/\/vanillafair.com\/fr\/wp-json\/wp\/v2\/posts\/2996\/revisions"}],"predecessor-version":[{"id":6135,"href":"https:\/\/vanillafair.com\/fr\/wp-json\/wp\/v2\/posts\/2996\/revisions\/6135"}],"wp:featuredmedia":[{"embeddable":true,"href":"https:\/\/vanillafair.com\/fr\/wp-json\/wp\/v2\/media\/3234"}],"wp:attachment":[{"href":"https:\/\/vanillafair.com\/fr\/wp-json\/wp\/v2\/media?parent=2996"}],"wp:term":[{"taxonomy":"category","embeddable":true,"href":"https:\/\/vanillafair.com\/fr\/wp-json\/wp\/v2\/categories?post=2996"},{"taxonomy":"post_tag","embeddable":true,"href":"https:\/\/vanillafair.com\/fr\/wp-json\/wp\/v2\/tags?post=2996"}],"curies":[{"name":"wp","href":"https:\/\/api.w.org\/{rel}","templated":true}]}}